{"id":65886,"date":"2025-11-05T11:35:39","date_gmt":"2025-11-05T08:35:39","guid":{"rendered":"https:\/\/www.egemtv.com\/?p=65886"},"modified":"2025-11-05T11:35:40","modified_gmt":"2025-11-05T08:35:40","slug":"usakspordaki-bagis-iddialari-meclis-gundemine-tasindi","status":"publish","type":"post","link":"https:\/\/www.egemtv.com\/?p=65886","title":{"rendered":"U\u015fakspor\u2019daki ba\u011f\u0131\u015f iddialar\u0131 Meclis g\u00fcndemine ta\u015f\u0131nd\u0131"},"content":{"rendered":"<p>U\u015eAK (\u0130HA) \u2013 TFF 3. Lig 4. Grup tak\u0131mlar\u0131ndan U\u015fakspor\u2019da zorla ba\u011f\u0131\u015f topland\u0131\u011f\u0131 ve toplanan yard\u0131mlar\u0131n \u015fah\u0131s hesaplar\u0131na yat\u0131r\u0131ld\u0131\u011f\u0131na iddialar TBMM g\u00fcndemine ta\u015f\u0131nd\u0131.<\/p>\n<p>AK Parti U\u015fak Milletvekili \u0130smail G\u00fcne\u015f, U\u015fakspor i\u00e7in zorla ba\u011f\u0131\u015f topland\u0131\u011f\u0131n\u0131 ve yard\u0131m paralar\u0131n\u0131n kul\u00fcp yerine \u015fah\u0131s hesaplar\u0131na dair iddialar\u0131n ara\u015ft\u0131r\u0131lmas\u0131n\u0131 i\u00e7in Hazine ve Maliye Bakanl\u0131\u011f\u0131n\u0131n cevaplamas\u0131 istemiyle TBMM ba\u015fkanl\u0131\u011f\u0131na soru \u00f6nergesi verdi.<br \/>\n<br \/>G\u00fcne\u015f, konuyla ilgili olarak sosyal medya hesab\u0131ndan yapt\u0131\u011f\u0131 a\u00e7\u0131klamada; &#8220;Vatanda\u015flar\u0131m\u0131z\u0131n uyar\u0131lar\u0131n\u0131 dikkate al\u0131yoruz. Ger\u00e7eklerin ortaya \u00e7\u0131kmas\u0131 i\u00e7in yasal s\u00fcre\u00e7leri takip ediyoruz. Milletimizin ma\u011fdur edilmesine asla izin vermeyiz. 31 Mart yerel se\u00e7imlerinden sonra U\u015fak Belediye Ba\u015fkan\u0131 ve ekipleri taraf\u0131ndan \u015fah\u0131slar ile \u015firketlere zorla ve bask\u0131 yap\u0131larak U\u015fakspor\u2019a ba\u011f\u0131\u015f yapt\u0131r\u0131ld\u0131\u011f\u0131, ba\u011f\u0131\u015f yapmak isteyen \u015fah\u0131s veya \u015firketlerin U\u015fakspor hesab\u0131na de\u011fil de Belediye Ba\u015fkan\u0131n\u0131n yak\u0131n \u00e7al\u0131\u015fma arkada\u015flar\u0131n\u0131n hesaplar\u0131na yat\u0131rt\u0131ld\u0131\u011f\u0131 iddia edilmektedir. Ger\u00e7e\u011fin ortaya \u00e7\u0131kmas\u0131 ve halk\u0131n do\u011fru bilgilendirilmesi i\u00e7in 2024\/2025 futbol sezonu i\u00e7in U\u015fakspor A.\u015e ad\u0131na ne kadar ba\u011f\u0131\u015f yap\u0131lm\u0131\u015ft\u0131r ve bunlar nereye harcanm\u0131\u015ft\u0131r? Ba\u011f\u0131\u015flar\u0131n \u015fahsi hesaplara yap\u0131ld\u0131\u011f\u0131 do\u011fru mudur? E\u011fer do\u011fru ise yap\u0131lan i\u015flemlerin ceza kanunu kapsam\u0131nda su\u00e7 olu\u015fturup olu\u015fturmad\u0131\u011f\u0131 hususu ara\u015ft\u0131r\u0131larak taraf\u0131ma bildirilmesi talep ediyorum&#8221; dedi.<br \/><\/p>\n","protected":false},"excerpt":{"rendered":"<p>U\u015eAK (\u0130HA) \u2013 TFF 3. Lig 4. Grup tak\u0131mlar\u0131ndan U\u015fakspor\u2019da zorla ba\u011f\u0131\u015f topland\u0131\u011f\u0131 ve toplanan yard\u0131mlar\u0131n \u015fah\u0131s hesaplar\u0131na yat\u0131r\u0131ld\u0131\u011f\u0131na iddialar TBMM g\u00fcndemine ta\u015f\u0131nd\u0131. AK Parti U\u015fak Milletvekili \u0130smail G\u00fcne\u015f, U\u015fakspor i\u00e7in zorla ba\u011f\u0131\u015f topland\u0131\u011f\u0131n\u0131 ve yard\u0131m paralar\u0131n\u0131n kul\u00fcp yerine \u015fah\u0131s hesaplar\u0131na dair iddialar\u0131n ara\u015ft\u0131r\u0131lmas\u0131n\u0131 i\u00e7in Hazine ve Maliye Bakanl\u0131\u011f\u0131n\u0131n cevaplamas\u0131 istemiyle TBMM ba\u015fkanl\u0131\u011f\u0131na soru \u00f6nergesi&#8230;<\/p>\n","protected":false},"author":1,"featured_media":65887,"comment_status":"open","ping_status":"open","sticky":false,"template":"","format":"standard","meta":{"_crdt_document":"","footnotes":""},"categories":[4],"tags":[],"class_list":["post-65886","post","type-post","status-publish","format-standard","has-post-thumbnail","hentry","category-spor"],"_links":{"self":[{"href":"https:\/\/www.egemtv.com\/index.php?rest_route=\/wp\/v2\/posts\/65886","targetHints":{"allow":["GET"]}}],"collection":[{"href":"https:\/\/www.egemtv.com\/index.php?rest_route=\/wp\/v2\/posts"}],"about":[{"href":"https:\/\/www.egemtv.com\/index.php?rest_route=\/wp\/v2\/types\/post"}],"author":[{"embeddable":true,"href":"https:\/\/www.egemtv.com\/index.php?rest_route=\/wp\/v2\/users\/1"}],"replies":[{"embeddable":true,"href":"https:\/\/www.egemtv.com\/index.php?rest_route=%2Fwp%2Fv2%2Fcomments&post=65886"}],"version-history":[{"count":1,"href":"https:\/\/www.egemtv.com\/index.php?rest_route=\/wp\/v2\/posts\/65886\/revisions"}],"predecessor-version":[{"id":65888,"href":"https:\/\/www.egemtv.com\/index.php?rest_route=\/wp\/v2\/posts\/65886\/revisions\/65888"}],"wp:featuredmedia":[{"embeddable":true,"href":"https:\/\/www.egemtv.com\/index.php?rest_route=\/wp\/v2\/media\/65887"}],"wp:attachment":[{"href":"https:\/\/www.egemtv.com\/index.php?rest_route=%2Fwp%2Fv2%2Fmedia&parent=65886"}],"wp:term":[{"taxonomy":"category","embeddable":true,"href":"https:\/\/www.egemtv.com\/index.php?rest_route=%2Fwp%2Fv2%2Fcategories&post=65886"},{"taxonomy":"post_tag","embeddable":true,"href":"https:\/\/www.egemtv.com\/index.php?rest_route=%2Fwp%2Fv2%2Ftags&post=65886"}],"curies":[{"name":"wp","href":"https:\/\/api.w.org\/{rel}","templated":true}]}}