{"id":65880,"date":"2025-11-05T11:14:53","date_gmt":"2025-11-05T08:14:53","guid":{"rendered":"https:\/\/www.egemtv.com\/?p=65880"},"modified":"2025-11-05T11:14:54","modified_gmt":"2025-11-05T08:14:54","slug":"trenin-carptigi-kamyonet-ikiye-bolundu-1-yarali","status":"publish","type":"post","link":"https:\/\/www.egemtv.com\/?p=65880","title":{"rendered":"Trenin \u00e7arpt\u0131\u011f\u0131 kamyonet ikiye b\u00f6l\u00fcnd\u00fc: 1 yaral\u0131"},"content":{"rendered":"<p>Ayd\u0131n\u2019\u0131n Efeler il\u00e7esinde Denizli y\u00f6n\u00fcnde seyir halinde olan trenin \u00e7arpt\u0131\u011f\u0131 kamyonet ikiye b\u00f6l\u00fcn\u00fcrken, kazada 1 ki\u015fi a\u011f\u0131r yaraland\u0131.<\/p>\n<p>Olay, Efeler il\u00e7esi Umurlu Mahallesi Ser\u00e7ek\u00f6y mevkiinde saat 10.30 s\u0131ralar\u0131nda meydana geldi. Edinilen bilgiye g\u00f6re, Denizli y\u00f6n\u00fcnde seyir halinde olan tren hemzemin ge\u00e7itte kamyonete \u00e7arpt\u0131. \u00c7arpman\u0131n \u015fiddetiyle kamyonet ikiye b\u00f6l\u00fcn\u00fcrken, ara\u00e7 s\u00fcr\u00fcc\u00fcs\u00fc E.S. a\u011f\u0131r yaraland\u0131. Kazay\u0131 g\u00f6renler durumu 112 Acil \u00c7a\u011fr\u0131 Merkezi\u2019ne bildirdi. \u0130hbar \u00fczerine b\u00f6lgeye jandarma ve sa\u011fl\u0131k ekipleri sevk edildi. K\u0131sa s\u00fcrede b\u00f6lgeye gelen sa\u011fl\u0131k ekipleri, ilk m\u00fcdahalenin ard\u0131ndan yaral\u0131 E.S.\u2019yi ambulansla hastaneye kald\u0131rd\u0131. Olayla ilgili inceleme ba\u015flat\u0131ld\u0131.<br \/><\/p>\n","protected":false},"excerpt":{"rendered":"<p>Ayd\u0131n\u2019\u0131n Efeler il\u00e7esinde Denizli y\u00f6n\u00fcnde seyir halinde olan trenin \u00e7arpt\u0131\u011f\u0131 kamyonet ikiye b\u00f6l\u00fcn\u00fcrken, kazada 1 ki\u015fi a\u011f\u0131r yaraland\u0131. Olay, Efeler il\u00e7esi Umurlu Mahallesi Ser\u00e7ek\u00f6y mevkiinde saat 10.30 s\u0131ralar\u0131nda meydana geldi. Edinilen bilgiye g\u00f6re, Denizli y\u00f6n\u00fcnde seyir halinde olan tren hemzemin ge\u00e7itte kamyonete \u00e7arpt\u0131. \u00c7arpman\u0131n \u015fiddetiyle kamyonet ikiye b\u00f6l\u00fcn\u00fcrken, ara\u00e7 s\u00fcr\u00fcc\u00fcs\u00fc E.S. a\u011f\u0131r yaraland\u0131. Kazay\u0131 g\u00f6renler&#8230;<\/p>\n","protected":false},"author":1,"featured_media":65881,"comment_status":"open","ping_status":"open","sticky":false,"template":"","format":"standard","meta":{"_crdt_document":"","footnotes":""},"categories":[5],"tags":[],"class_list":["post-65880","post","type-post","status-publish","format-standard","has-post-thumbnail","hentry","category-asayis"],"_links":{"self":[{"href":"https:\/\/www.egemtv.com\/index.php?rest_route=\/wp\/v2\/posts\/65880","targetHints":{"allow":["GET"]}}],"collection":[{"href":"https:\/\/www.egemtv.com\/index.php?rest_route=\/wp\/v2\/posts"}],"about":[{"href":"https:\/\/www.egemtv.com\/index.php?rest_route=\/wp\/v2\/types\/post"}],"author":[{"embeddable":true,"href":"https:\/\/www.egemtv.com\/index.php?rest_route=\/wp\/v2\/users\/1"}],"replies":[{"embeddable":true,"href":"https:\/\/www.egemtv.com\/index.php?rest_route=%2Fwp%2Fv2%2Fcomments&post=65880"}],"version-history":[{"count":1,"href":"https:\/\/www.egemtv.com\/index.php?rest_route=\/wp\/v2\/posts\/65880\/revisions"}],"predecessor-version":[{"id":65882,"href":"https:\/\/www.egemtv.com\/index.php?rest_route=\/wp\/v2\/posts\/65880\/revisions\/65882"}],"wp:featuredmedia":[{"embeddable":true,"href":"https:\/\/www.egemtv.com\/index.php?rest_route=\/wp\/v2\/media\/65881"}],"wp:attachment":[{"href":"https:\/\/www.egemtv.com\/index.php?rest_route=%2Fwp%2Fv2%2Fmedia&parent=65880"}],"wp:term":[{"taxonomy":"category","embeddable":true,"href":"https:\/\/www.egemtv.com\/index.php?rest_route=%2Fwp%2Fv2%2Fcategories&post=65880"},{"taxonomy":"post_tag","embeddable":true,"href":"https:\/\/www.egemtv.com\/index.php?rest_route=%2Fwp%2Fv2%2Ftags&post=65880"}],"curies":[{"name":"wp","href":"https:\/\/api.w.org\/{rel}","templated":true}]}}