{"id":65877,"date":"2025-11-05T11:14:51","date_gmt":"2025-11-05T08:14:51","guid":{"rendered":"https:\/\/www.egemtv.com\/?p=65877"},"modified":"2025-11-05T11:14:52","modified_gmt":"2025-11-05T08:14:52","slug":"burhan-eser-yeni-bir-serinin-baslangici-icin-istanbulspor-macini-kazanmak-istiyoruz","status":"publish","type":"post","link":"https:\/\/www.egemtv.com\/?p=65877","title":{"rendered":"Burhan E\u015fer: &#8220;Yeni bir serinin ba\u015flang\u0131c\u0131 i\u00e7in \u0130stanbulspor ma\u00e7\u0131n\u0131 kazanmak istiyoruz&#8221;"},"content":{"rendered":"<p>Bodrum FK Teknik Direkt\u00f6r\u00fc Burhan E\u015fer, \u0130stanbulspor kar\u015f\u0131s\u0131na taraftar\u0131n deste\u011fiyle galibiyet inanc\u0131yla sahaya \u00e7\u0131kacaklar\u0131n\u0131 ifade ederek, &#8220;Taraftar\u0131m\u0131z\u0131n deste\u011fiyle tekrardan yeni bir serinin ba\u015flang\u0131c\u0131 i\u00e7in \u0130stanbulspor ma\u00e7\u0131n\u0131 kazanmak istiyoruz&#8221; dedi.<br \/>\n<br \/>Bodrum FK, Trendyol 1. Lig\u2019in 13. haftas\u0131nda 7 Kas\u0131m Cuma g\u00fcn\u00fc saat 17.00\u2019de \u0130stanbulspor\u2019u a\u011f\u0131rlayacak. Yal\u0131\u00e7iftlik \u0130smail Alt\u0131nda\u011f Tesisleri\u2019nde Teknik Direkt\u00f6r Burhan E\u015fer y\u00f6netiminde bu ma\u00e7\u0131n haz\u0131rl\u0131klar\u0131na devam eden ye\u015fil-beyazl\u0131lar, antrenmana \u0131s\u0131nma ve esneme hareketleriyle ba\u015flad\u0131. Pas ve top kapma \u00e7al\u0131\u015fmalar\u0131yla devam eden idman, yar\u0131 sahada oynanan ma\u00e7la tamamland\u0131. Ge\u00e7ti\u011fimiz hafta deplasmanda al\u0131nan Boluspor ma\u011flubiyetini unutturmak isteyen Bodrum ekibi, taraftar\u0131 \u00f6n\u00fcnde sahadan 3 puanla ayr\u0131lmay\u0131 hedefliyor. \u00d6te yandan, teknik heyet ve futbolcular\u0131n y\u00fcksek motivasyonu dikkat \u00e7ekti.<\/p>\n<p>Burhan E\u015fer: &#8220;Yeni bir serinin ba\u015flang\u0131c\u0131 i\u00e7in \u0130stanbulspor ma\u00e7\u0131n\u0131 kazanmak istiyoruz&#8221;<br \/>\n<br \/>Yeni bir seri yakalamak istediklerini ifade eden Bodrum FK Teknik Direkt\u00f6r\u00fc Burhan E\u015fer, &#8220;Kupada tur atlamam\u0131z \u00f6nemliydi. Akabinde oynad\u0131\u011f\u0131m\u0131z Boluspor ma\u00e7\u0131 bizim a\u00e7\u0131m\u0131zdan talihsiz ge\u00e7en bir ma\u00e7 oldu. Erken bir k\u0131rm\u0131z\u0131 kart g\u00f6rd\u00fck ve hi\u00e7 beklemedi\u011fimiz bir duran toptan gol yedik. Baz\u0131 \u015fanslar\u0131m\u0131z oldu, 2 gol att\u0131k ama ofsayt ve el nedeniyle iptal oldu. \u0130stedi\u011fimiz sonu\u00e7la d\u00f6nemedik ama 10 ki\u015fi olmam\u0131za ra\u011fmen m\u00fccadele g\u00fcc\u00fcm\u00fcz, oyunu tutma anlam\u0131nda aray\u0131\u015f\u0131m\u0131z bizim i\u00e7in sevindirici taraf\u0131 oydu. Lig uzun maraton bu tarz kazalar olacak. \u00d6nemli olan bunlardan ders \u00e7\u0131karmak. Cuma g\u00fcn\u00fc \u0130stanbulspor ma\u00e7\u0131m\u0131z var. D\u00fczen ve organizasyon olarak iyi bir tak\u0131ma kar\u015f\u0131 oynayaca\u011f\u0131z. Bolu ma\u00e7\u0131n\u0131n telafisi i\u00e7in \u0130stanbul ma\u00e7\u0131 bizim i\u00e7in \u00f6nemli hale geldi. Taraftar\u0131m\u0131z\u0131n deste\u011fiyle tekrardan yeni bir serinin ba\u015flang\u0131c\u0131 i\u00e7in \u0130stanbulspor ma\u00e7\u0131n\u0131 kazanmak istiyoruz&#8221; dedi.<\/p>\n<p>&#8220;Tak\u0131m iyi gidiyor&#8221;<br \/>\n<br \/>Futbolculardan G\u00f6kdeniz Bayrakdar ise, tedavi s\u00fcrecinin iyi ge\u00e7ti\u011fini belirterek, &#8220;2.5 ayd\u0131r sakatl\u0131\u011f\u0131m var. Biraz daha zaman\u0131m\u0131z var in\u015fallah en k\u0131sa s\u00fcrede haz\u0131r olup iyi giden tak\u0131ma bende destek vermek istiyorum. \u0130yi \u00e7al\u0131\u015f\u0131yoruz, tak\u0131m iyi gidiyor. Milli arada tak\u0131ma d\u00f6nmeyi hedefliyorum. Ondan sonra g\u00fczel bir g\u00fc\u00e7le ayn\u0131 \u015fekilde devam etmek istiyoruz&#8221; diye konu\u015ftu.<br \/><\/p>\n","protected":false},"excerpt":{"rendered":"<p>Bodrum FK Teknik Direkt\u00f6r\u00fc Burhan E\u015fer, \u0130stanbulspor kar\u015f\u0131s\u0131na taraftar\u0131n deste\u011fiyle galibiyet inanc\u0131yla sahaya \u00e7\u0131kacaklar\u0131n\u0131 ifade ederek, &#8220;Taraftar\u0131m\u0131z\u0131n deste\u011fiyle tekrardan yeni bir serinin ba\u015flang\u0131c\u0131 i\u00e7in \u0130stanbulspor ma\u00e7\u0131n\u0131 kazanmak istiyoruz&#8221; dedi. Bodrum FK, Trendyol 1. Lig\u2019in 13. haftas\u0131nda 7 Kas\u0131m Cuma g\u00fcn\u00fc saat 17.00\u2019de \u0130stanbulspor\u2019u a\u011f\u0131rlayacak. Yal\u0131\u00e7iftlik \u0130smail Alt\u0131nda\u011f Tesisleri\u2019nde Teknik Direkt\u00f6r Burhan E\u015fer y\u00f6netiminde bu ma\u00e7\u0131n&#8230;<\/p>\n","protected":false},"author":1,"featured_media":65878,"comment_status":"open","ping_status":"open","sticky":false,"template":"","format":"standard","meta":{"_crdt_document":"","footnotes":""},"categories":[4],"tags":[],"class_list":["post-65877","post","type-post","status-publish","format-standard","has-post-thumbnail","hentry","category-spor"],"_links":{"self":[{"href":"https:\/\/www.egemtv.com\/index.php?rest_route=\/wp\/v2\/posts\/65877","targetHints":{"allow":["GET"]}}],"collection":[{"href":"https:\/\/www.egemtv.com\/index.php?rest_route=\/wp\/v2\/posts"}],"about":[{"href":"https:\/\/www.egemtv.com\/index.php?rest_route=\/wp\/v2\/types\/post"}],"author":[{"embeddable":true,"href":"https:\/\/www.egemtv.com\/index.php?rest_route=\/wp\/v2\/users\/1"}],"replies":[{"embeddable":true,"href":"https:\/\/www.egemtv.com\/index.php?rest_route=%2Fwp%2Fv2%2Fcomments&post=65877"}],"version-history":[{"count":1,"href":"https:\/\/www.egemtv.com\/index.php?rest_route=\/wp\/v2\/posts\/65877\/revisions"}],"predecessor-version":[{"id":65879,"href":"https:\/\/www.egemtv.com\/index.php?rest_route=\/wp\/v2\/posts\/65877\/revisions\/65879"}],"wp:featuredmedia":[{"embeddable":true,"href":"https:\/\/www.egemtv.com\/index.php?rest_route=\/wp\/v2\/media\/65878"}],"wp:attachment":[{"href":"https:\/\/www.egemtv.com\/index.php?rest_route=%2Fwp%2Fv2%2Fmedia&parent=65877"}],"wp:term":[{"taxonomy":"category","embeddable":true,"href":"https:\/\/www.egemtv.com\/index.php?rest_route=%2Fwp%2Fv2%2Fcategories&post=65877"},{"taxonomy":"post_tag","embeddable":true,"href":"https:\/\/www.egemtv.com\/index.php?rest_route=%2Fwp%2Fv2%2Ftags&post=65877"}],"curies":[{"name":"wp","href":"https:\/\/api.w.org\/{rel}","templated":true}]}}