{"id":65874,"date":"2025-11-05T11:14:49","date_gmt":"2025-11-05T08:14:49","guid":{"rendered":"https:\/\/www.egemtv.com\/?p=65874"},"modified":"2025-11-05T11:14:51","modified_gmt":"2025-11-05T08:14:51","slug":"son-1-ayda-30-bin-arac-cezadan-kacamadi","status":"publish","type":"post","link":"https:\/\/www.egemtv.com\/?p=65874","title":{"rendered":"Son 1 ayda 30 bin ara\u00e7 cezadan ka\u00e7amad\u0131"},"content":{"rendered":"<p>Ayd\u0131n\u2019da Ekim ay\u0131nda trafik kurallar\u0131na uymayan 30 bin 883 s\u00fcr\u00fcc\u00fc cezadan ka\u00e7amazken, meydana gelen kazalarda 6 ki\u015fi hayat\u0131n\u0131 kaybetti.<\/p>\n<p>Ayd\u0131n\u2019da trafik g\u00fcvenli\u011finin art\u0131r\u0131lmas\u0131na y\u00f6nelik \u00e7al\u0131\u015fmalar aral\u0131ks\u0131z devam ederken, 2025 y\u0131l\u0131 Ekim ay\u0131 i\u00e7erisinde yap\u0131lan denetimlerde toplam 176 bin 864 ara\u00e7 kontrol edildi. Yap\u0131lan denetimlerde trafik kurallar\u0131na uymad\u0131\u011f\u0131 tespit edilen 30 bin 883 araca i\u015flem yap\u0131ld\u0131. Ekim ay\u0131nda meydana gelen 794 trafik kazas\u0131nda ise 6 ki\u015fi hayat\u0131n\u0131 kaybetti.<\/p>\n<p>Konu ile ilgili Ayd\u0131n Valili\u011fi taraf\u0131ndan yap\u0131lan a\u00e7\u0131klamada &#8220;Trafik g\u00fcvenli\u011finin art\u0131r\u0131lmas\u0131 ve korunmas\u0131 i\u00e7in Valili\u011fimizin g\u00f6zetim ve denetiminde \u0130l Emniyet M\u00fcd\u00fcrl\u00fc\u011f\u00fc ve \u0130l Jandarma Komutanl\u0131\u011f\u0131\u2019na ba\u011fl\u0131 trafik ekipleri taraf\u0131ndan 2025 y\u0131l\u0131 Ekim ay\u0131 i\u00e7erisinde toplam 176 bin 864 ara\u00e7 kontrol edilmi\u015f, 30 bin 883 araca i\u015flem yap\u0131lm\u0131\u015ft\u0131r. Al\u0131nan \u00f6nlemlere ra\u011fmen, trafik kurallar\u0131na uyulmamas\u0131 nedeniyle 2025 Ekim  ay\u0131 i\u00e7erisinde ilimiz s\u0131n\u0131rlar\u0131nda toplam 335 maddi hasarl\u0131, 453 yaralamal\u0131 ve 6 \u00f6l\u00fcml\u00fc olmak \u00fczere toplam 794 trafik kazas\u0131 meydana gelmi\u015ftir. Bu kazalarda toplam 614 vatanda\u015f\u0131m\u0131z yaralanm\u0131\u015f, 6 vatanda\u015f\u0131m\u0131z maalesef hayat\u0131n\u0131 kaybetmi\u015ftir. Ayr\u0131ca 523 s\u00fcr\u00fcc\u00fcn\u00fcn ehliyetine el konulmu\u015f olup, 538 s\u00fcr\u00fcc\u00fc ile bin 629 ara\u00e7 da trafikten men edilmi\u015ftir. Valili\u011fimizce, ilimizde trafik g\u00fcvenli\u011fi ve vatanda\u015flar\u0131m\u0131z\u0131n can ve mal emniyetinin daha etkin sa\u011flanmas\u0131na y\u00f6nelik olarak al\u0131nan t\u00fcm tedbirler artt\u0131r\u0131larak ayn\u0131 kararl\u0131l\u0131kla ve gayretle s\u00fcrd\u00fcr\u00fclecektir. Trafik kurallar\u0131na uyan, trafik d\u00fczeninin sa\u011flanmas\u0131na ilgi ve destekleriyle katk\u0131 sa\u011flayan de\u011ferli vatanda\u015flar\u0131m\u0131za te\u015fekk\u00fcr ediyoruz. Trafik kazalar\u0131n\u0131n azalmas\u0131 i\u00e7in s\u00fcr\u00fcc\u00fc ve vatanda\u015flar\u0131m\u0131z\u0131n da daha duyarl\u0131 olmalar\u0131, \u00f6zellikle hatal\u0131 \u015ferit de\u011fi\u015ftirmemeleri, alkoll\u00fc ara\u00e7 kullanmamalar\u0131, kural ihlali yapanlar\u0131n ise 112 nolu Acil \u00c7a\u011fr\u0131 Merkezi telefonuna ihbar edilmeleri hususlar\u0131nda vatanda\u015flar\u0131m\u0131z\u0131n bilgisine, desteklerine b\u00fcy\u00fck ihtiya\u00e7 vard\u0131r&#8221; ifadeleri yer ald\u0131.<br \/><\/p>\n","protected":false},"excerpt":{"rendered":"<p>Ayd\u0131n\u2019da Ekim ay\u0131nda trafik kurallar\u0131na uymayan 30 bin 883 s\u00fcr\u00fcc\u00fc cezadan ka\u00e7amazken, meydana gelen kazalarda 6 ki\u015fi hayat\u0131n\u0131 kaybetti. Ayd\u0131n\u2019da trafik g\u00fcvenli\u011finin art\u0131r\u0131lmas\u0131na y\u00f6nelik \u00e7al\u0131\u015fmalar aral\u0131ks\u0131z devam ederken, 2025 y\u0131l\u0131 Ekim ay\u0131 i\u00e7erisinde yap\u0131lan denetimlerde toplam 176 bin 864 ara\u00e7 kontrol edildi. Yap\u0131lan denetimlerde trafik kurallar\u0131na uymad\u0131\u011f\u0131 tespit edilen 30 bin 883 araca i\u015flem yap\u0131ld\u0131&#8230;.<\/p>\n","protected":false},"author":1,"featured_media":65875,"comment_status":"open","ping_status":"open","sticky":false,"template":"","format":"standard","meta":{"_crdt_document":"","footnotes":""},"categories":[5],"tags":[],"class_list":["post-65874","post","type-post","status-publish","format-standard","has-post-thumbnail","hentry","category-asayis"],"_links":{"self":[{"href":"https:\/\/www.egemtv.com\/index.php?rest_route=\/wp\/v2\/posts\/65874","targetHints":{"allow":["GET"]}}],"collection":[{"href":"https:\/\/www.egemtv.com\/index.php?rest_route=\/wp\/v2\/posts"}],"about":[{"href":"https:\/\/www.egemtv.com\/index.php?rest_route=\/wp\/v2\/types\/post"}],"author":[{"embeddable":true,"href":"https:\/\/www.egemtv.com\/index.php?rest_route=\/wp\/v2\/users\/1"}],"replies":[{"embeddable":true,"href":"https:\/\/www.egemtv.com\/index.php?rest_route=%2Fwp%2Fv2%2Fcomments&post=65874"}],"version-history":[{"count":1,"href":"https:\/\/www.egemtv.com\/index.php?rest_route=\/wp\/v2\/posts\/65874\/revisions"}],"predecessor-version":[{"id":65876,"href":"https:\/\/www.egemtv.com\/index.php?rest_route=\/wp\/v2\/posts\/65874\/revisions\/65876"}],"wp:featuredmedia":[{"embeddable":true,"href":"https:\/\/www.egemtv.com\/index.php?rest_route=\/wp\/v2\/media\/65875"}],"wp:attachment":[{"href":"https:\/\/www.egemtv.com\/index.php?rest_route=%2Fwp%2Fv2%2Fmedia&parent=65874"}],"wp:term":[{"taxonomy":"category","embeddable":true,"href":"https:\/\/www.egemtv.com\/index.php?rest_route=%2Fwp%2Fv2%2Fcategories&post=65874"},{"taxonomy":"post_tag","embeddable":true,"href":"https:\/\/www.egemtv.com\/index.php?rest_route=%2Fwp%2Fv2%2Ftags&post=65874"}],"curies":[{"name":"wp","href":"https:\/\/api.w.org\/{rel}","templated":true}]}}