{"id":65871,"date":"2025-11-05T11:14:48","date_gmt":"2025-11-05T08:14:48","guid":{"rendered":"https:\/\/www.egemtv.com\/?p=65871"},"modified":"2025-11-05T11:14:49","modified_gmt":"2025-11-05T08:14:49","slug":"denizlinin-ekim-ihracati-413-milyon-dolar-oldu","status":"publish","type":"post","link":"https:\/\/www.egemtv.com\/?p=65871","title":{"rendered":"Denizli\u2019nin Ekim ihracat\u0131 413 milyon dolar oldu"},"content":{"rendered":"<p>Denizli ihracat\u0131 bir kez daha 400 milyon dolar\u0131 ge\u00e7erek, Ekim ay\u0131nda y\u00fczde 7,3 art\u0131\u015fla 413 milyon dolar oldu.<\/p>\n<p>Ekim ay\u0131 ihracat rakamlar\u0131 a\u00e7\u0131kland\u0131. \u00dclkemiz ihracat\u0131 ekimde y\u00fczde 2,2 art\u0131\u015fla 24 milyar dolar olarak ger\u00e7ekle\u015fti. T\u0130M taraf\u0131ndan a\u00e7\u0131klanan Denizli ihracat\u0131 ekim ay\u0131nda y\u00fczde 7,3 art\u0131\u015fla 413 milyon dolar oldu. Denizli \u0130hracat\u00e7\u0131lar Birli\u011fi\u2019nce kayda al\u0131nan ihracat ise y\u00fczde 3,6 art\u0131\u015fla 342 milyon dolar olarak ger\u00e7ekle\u015fti.<\/p>\n<p>Denizli\u2019nin bu y\u0131k be\u015finci kez 400 milyon dolar baraj\u0131n\u0131 a\u015fmay\u0131 ba\u015fard\u0131\u011f\u0131n\u0131 kaydeden DEN\u0130B Ba\u015fkan\u0131 H\u00fcseyin Memi\u015fo\u011flu, &#8220;T\u00fcrkiye genelinde ise 9. s\u0131radaki yerimizi koruyarak istikrarl\u0131 performans\u0131m\u0131z\u0131 s\u00fcrd\u00fcr\u00fcyoruz. Ocak-Ekim d\u00f6neminde ise Denizli ihracat\u0131 y\u00fczde 7,1 art\u0131\u015fla 3 milyar 904 milyon dolar olarak ger\u00e7ekle\u015fti. Y\u0131l\u0131n ilk aylar\u0131ndan bu yana korudu\u011fumuz ba\u015far\u0131l\u0131 ivmenin anahtar\u0131, Denizli\u2019nin \u00fcretim g\u00fcc\u00fc, sekt\u00f6rel \u00e7e\u015fitlili\u011fi ve ihracat\u00e7\u0131lar\u0131m\u0131z\u0131n k\u00fcresel ko\u015fullara h\u0131zla uyum sa\u011flayan dinamizmi. K\u00fcresel ekonomideki dalgalanmalara, talep daralmalar\u0131na ve finansman ko\u015fullar\u0131ndaki zorluklara ra\u011fmen, sene ba\u015f\u0131nda belirledi\u011fimiz 4,7 milyar dolarl\u0131k ihracat hedefimize emin ad\u0131mlarla ilerliyoruz. Denizli\u2019nin ad\u0131n\u0131 uluslararas\u0131 pazarlarda gururla ta\u015f\u0131yan t\u00fcm ihracat\u00e7\u0131lar\u0131m\u0131za te\u015fekk\u00fcr ediyoruz&#8221; dedi.<\/p>\n<p>Ekim ay\u0131nda Denizli ihracat\u0131nda \u00f6ne \u00e7\u0131kan sekt\u00f6rlere de\u011finen Memi\u015fo\u011flu, &#8220;\u0130limizin tekstil-konfeksiyon ihracat\u0131 y\u00fczde 2 art\u0131\u015fla 121 milyon dolar, elektrik-elektronik ihracat\u0131 y\u00fczde 2,7 art\u0131\u015fla 91 milyon dolar, demir-demir d\u0131\u015f\u0131 metaller ihracat\u0131 y\u00fczde 20,1 art\u0131\u015fla 69 milyon dolar, tar\u0131m ihracat\u0131 y\u00fczde 2,2 art\u0131\u015fla 34 milyon dolar, madencilik ihracat\u0131 y\u00fczde 10,1 art\u0131\u015fla 26 milyon dolar oldu. Ekim ay\u0131nda makine ihracat\u0131 y\u00fczde 129 gibi dikkat \u00e7eken bir art\u0131\u015fla 14 milyon dolar olarak ger\u00e7ekle\u015fti. Ocak-Ekim d\u00f6neminde ise y\u00fczde 19,4 art\u0131\u015fla 82 milyon dolar olarak kay\u0131tlara ge\u00e7ti. Makine sekt\u00f6r\u00fcnde 2020 y\u0131l\u0131nda 49 milyon dolar olan ihracat\u0131m\u0131z\u0131n, y\u0131l sonunda iki kat\u0131na \u00e7\u0131karak 100 milyon dolar civar\u0131na ula\u015fmas\u0131n\u0131 bekliyoruz&#8221; diye konu\u015ftu.<\/p>\n<p>\u00dclke s\u0131ralamas\u0131nda zirve \u0130ngiltere\u2019nin<br \/>\n<br \/>\u0130hracat yap\u0131lan \u00fclkeler hakk\u0131nda bilgi veren Memi\u015fo\u011flu, &#8220;\u0130limiz ihracat\u0131nda lider konumda olan \u0130ngiltere\u2019ye ihracat\u0131m\u0131z ekim ay\u0131nda y\u00fczde 14,2 art\u0131\u015fla 65 milyon dolar olarak kaydedildi. \u0130limiz ihracat\u0131nda ikinci s\u0131raya yerle\u015fen \u0130talya\u2019ya ihracat\u0131m\u0131z y\u00fczde 26,9 art\u0131\u015fla 41 milyon dolar oldu. \u00dc\u00e7\u00fcnc\u00fc s\u0131rada yer alan Almanya\u2019ya ihracat\u0131m\u0131z y\u00fczde 0,9 azal\u0131\u015fla 31 milyon dolar olurken, ard\u0131ndan gelen ABD\u2019ye olan ihracat\u0131m\u0131z y\u00fczde 6,8 azal\u0131\u015fla 30 milyon dolar oldu. \u0130limiz ihracat\u0131nda be\u015finci s\u0131raya y\u00fckselen Fransa\u2019ya ihracat\u0131m\u0131z ise y\u00fczde 35,8 art\u0131\u015fla 20 milyon dolar olarak ger\u00e7ekle\u015fti&#8221; ifadelerini kulland\u0131.<br \/><\/p>\n","protected":false},"excerpt":{"rendered":"<p>Denizli ihracat\u0131 bir kez daha 400 milyon dolar\u0131 ge\u00e7erek, Ekim ay\u0131nda y\u00fczde 7,3 art\u0131\u015fla 413 milyon dolar oldu. Ekim ay\u0131 ihracat rakamlar\u0131 a\u00e7\u0131kland\u0131. \u00dclkemiz ihracat\u0131 ekimde y\u00fczde 2,2 art\u0131\u015fla 24 milyar dolar olarak ger\u00e7ekle\u015fti. T\u0130M taraf\u0131ndan a\u00e7\u0131klanan Denizli ihracat\u0131 ekim ay\u0131nda y\u00fczde 7,3 art\u0131\u015fla 413 milyon dolar oldu. Denizli \u0130hracat\u00e7\u0131lar Birli\u011fi\u2019nce kayda al\u0131nan ihracat ise&#8230;<\/p>\n","protected":false},"author":1,"featured_media":65872,"comment_status":"open","ping_status":"open","sticky":false,"template":"","format":"standard","meta":{"_crdt_document":"","footnotes":""},"categories":[125],"tags":[],"class_list":["post-65871","post","type-post","status-publish","format-standard","has-post-thumbnail","hentry","category-ekonomi"],"_links":{"self":[{"href":"https:\/\/www.egemtv.com\/index.php?rest_route=\/wp\/v2\/posts\/65871","targetHints":{"allow":["GET"]}}],"collection":[{"href":"https:\/\/www.egemtv.com\/index.php?rest_route=\/wp\/v2\/posts"}],"about":[{"href":"https:\/\/www.egemtv.com\/index.php?rest_route=\/wp\/v2\/types\/post"}],"author":[{"embeddable":true,"href":"https:\/\/www.egemtv.com\/index.php?rest_route=\/wp\/v2\/users\/1"}],"replies":[{"embeddable":true,"href":"https:\/\/www.egemtv.com\/index.php?rest_route=%2Fwp%2Fv2%2Fcomments&post=65871"}],"version-history":[{"count":1,"href":"https:\/\/www.egemtv.com\/index.php?rest_route=\/wp\/v2\/posts\/65871\/revisions"}],"predecessor-version":[{"id":65873,"href":"https:\/\/www.egemtv.com\/index.php?rest_route=\/wp\/v2\/posts\/65871\/revisions\/65873"}],"wp:featuredmedia":[{"embeddable":true,"href":"https:\/\/www.egemtv.com\/index.php?rest_route=\/wp\/v2\/media\/65872"}],"wp:attachment":[{"href":"https:\/\/www.egemtv.com\/index.php?rest_route=%2Fwp%2Fv2%2Fmedia&parent=65871"}],"wp:term":[{"taxonomy":"category","embeddable":true,"href":"https:\/\/www.egemtv.com\/index.php?rest_route=%2Fwp%2Fv2%2Fcategories&post=65871"},{"taxonomy":"post_tag","embeddable":true,"href":"https:\/\/www.egemtv.com\/index.php?rest_route=%2Fwp%2Fv2%2Ftags&post=65871"}],"curies":[{"name":"wp","href":"https:\/\/api.w.org\/{rel}","templated":true}]}}