{"id":65868,"date":"2025-11-05T10:54:52","date_gmt":"2025-11-05T07:54:52","guid":{"rendered":"https:\/\/www.egemtv.com\/?p=65868"},"modified":"2025-11-05T10:54:53","modified_gmt":"2025-11-05T07:54:53","slug":"aydinda-organ-bagisina-dikkat-cekildi","status":"publish","type":"post","link":"https:\/\/www.egemtv.com\/?p=65868","title":{"rendered":"Ayd\u0131n\u2019da organ ba\u011f\u0131\u015f\u0131na dikkat \u00e7ekildi"},"content":{"rendered":"<p>Ayd\u0131n Atat\u00fcrk Devlet Hastanesi\u2019nde 3-9 Kas\u0131m tarihleri aras\u0131nda kutlanan Organ ve Doku Ba\u011f\u0131\u015f\u0131 Haftas\u0131 dolay\u0131s\u0131yla stant kurularak, vatanda\u015flara bilgilendirmede bulunuldu.<br \/>\n<br \/>Ayd\u0131n Atat\u00fcrk Devlet Hastanesi\u2019nde 3-9 Kas\u0131m Organ Ba\u011f\u0131\u015f\u0131 Haftas\u0131 dolay\u0131s\u0131yla poliklinik giri\u015finde bilgilendirme ve fark\u0131ndal\u0131k stand\u0131 a\u00e7\u0131ld\u0131. Stand\u0131n a\u00e7\u0131l\u0131\u015f\u0131na Ba\u015fhekim Op.Dr. Niyazi Kocakaplan ve di\u011fer y\u00f6neticiler, ayn\u0131 zamanda Organ Nakli Koordinat\u00f6r\u00fc Op.Dr.\u00d6zhan G\u00fclen ve koordinat\u00f6r yard\u0131mc\u0131s\u0131 hem\u015fire Senem S\u00f6zer kat\u0131ld\u0131.<br \/>\n<br \/>Vatanda\u015flara organ ba\u011f\u0131\u015f\u0131n\u0131n \u00f6nemi hakk\u0131nda bilgi verilirken, bilgilendirici bro\u015f\u00fcrler da\u011f\u0131t\u0131ld\u0131 ve organ ba\u011f\u0131\u015f\u0131 yapmak isteyenlerin talepleri al\u0131nd\u0131.<br \/><\/p>\n","protected":false},"excerpt":{"rendered":"<p>Ayd\u0131n Atat\u00fcrk Devlet Hastanesi\u2019nde 3-9 Kas\u0131m tarihleri aras\u0131nda kutlanan Organ ve Doku Ba\u011f\u0131\u015f\u0131 Haftas\u0131 dolay\u0131s\u0131yla stant kurularak, vatanda\u015flara bilgilendirmede bulunuldu. Ayd\u0131n Atat\u00fcrk Devlet Hastanesi\u2019nde 3-9 Kas\u0131m Organ Ba\u011f\u0131\u015f\u0131 Haftas\u0131 dolay\u0131s\u0131yla poliklinik giri\u015finde bilgilendirme ve fark\u0131ndal\u0131k stand\u0131 a\u00e7\u0131ld\u0131. Stand\u0131n a\u00e7\u0131l\u0131\u015f\u0131na Ba\u015fhekim Op.Dr. Niyazi Kocakaplan ve di\u011fer y\u00f6neticiler, ayn\u0131 zamanda Organ Nakli Koordinat\u00f6r\u00fc Op.Dr.\u00d6zhan G\u00fclen ve koordinat\u00f6r&#8230;<\/p>\n","protected":false},"author":1,"featured_media":65869,"comment_status":"open","ping_status":"open","sticky":false,"template":"","format":"standard","meta":{"_crdt_document":"","footnotes":""},"categories":[2],"tags":[],"class_list":["post-65868","post","type-post","status-publish","format-standard","has-post-thumbnail","hentry","category-saglik"],"_links":{"self":[{"href":"https:\/\/www.egemtv.com\/index.php?rest_route=\/wp\/v2\/posts\/65868","targetHints":{"allow":["GET"]}}],"collection":[{"href":"https:\/\/www.egemtv.com\/index.php?rest_route=\/wp\/v2\/posts"}],"about":[{"href":"https:\/\/www.egemtv.com\/index.php?rest_route=\/wp\/v2\/types\/post"}],"author":[{"embeddable":true,"href":"https:\/\/www.egemtv.com\/index.php?rest_route=\/wp\/v2\/users\/1"}],"replies":[{"embeddable":true,"href":"https:\/\/www.egemtv.com\/index.php?rest_route=%2Fwp%2Fv2%2Fcomments&post=65868"}],"version-history":[{"count":1,"href":"https:\/\/www.egemtv.com\/index.php?rest_route=\/wp\/v2\/posts\/65868\/revisions"}],"predecessor-version":[{"id":65870,"href":"https:\/\/www.egemtv.com\/index.php?rest_route=\/wp\/v2\/posts\/65868\/revisions\/65870"}],"wp:featuredmedia":[{"embeddable":true,"href":"https:\/\/www.egemtv.com\/index.php?rest_route=\/wp\/v2\/media\/65869"}],"wp:attachment":[{"href":"https:\/\/www.egemtv.com\/index.php?rest_route=%2Fwp%2Fv2%2Fmedia&parent=65868"}],"wp:term":[{"taxonomy":"category","embeddable":true,"href":"https:\/\/www.egemtv.com\/index.php?rest_route=%2Fwp%2Fv2%2Fcategories&post=65868"},{"taxonomy":"post_tag","embeddable":true,"href":"https:\/\/www.egemtv.com\/index.php?rest_route=%2Fwp%2Fv2%2Ftags&post=65868"}],"curies":[{"name":"wp","href":"https:\/\/api.w.org\/{rel}","templated":true}]}}