{"id":65865,"date":"2025-11-05T10:54:49","date_gmt":"2025-11-05T07:54:49","guid":{"rendered":"https:\/\/www.egemtv.com\/?p=65865"},"modified":"2025-11-05T10:54:50","modified_gmt":"2025-11-05T07:54:50","slug":"aydinda-umre-yolculari-dualarla-ugurlandi","status":"publish","type":"post","link":"https:\/\/www.egemtv.com\/?p=65865","title":{"rendered":"Ayd\u0131n\u2019da umre yolcular\u0131 dualarla u\u011furland\u0131"},"content":{"rendered":"<p>Ayd\u0131n merkez ve il\u00e7elerinden kutsal topraklara gidecek olan 190 umre yolcusu, dualarla u\u011furland\u0131.<br \/>\n<br \/>Efeler\u2019deki u\u011furlama program\u0131, Bey Camii\u2019nde ger\u00e7ekle\u015ftirildi.  Kuran-\u0131 Kerim tilaveti, ilahiler ve salavatlar ile Mescid-i Haram ve Mescid-i Nebevi\u2019ye do\u011fru yola \u00e7\u0131kan umreciler duygu dolu anlar ya\u015fad\u0131. Efeler \u0130l\u00e7e M\u00fcft\u00fcs\u00fc Ramazan Co\u015fkun, yapt\u0131\u011f\u0131 konu\u015fmada umre ibadetinin m\u00fcminler i\u00e7in b\u00fcy\u00fck bir rahmet vesilesi oldu\u011funa dikkat \u00e7ekti.<br \/>\n<br \/>Yap\u0131lan dua sonras\u0131 umreye gidecek olan vatanda\u015flar tekbirler e\u015fli\u011finde u\u011furland\u0131.<br \/><\/p>\n","protected":false},"excerpt":{"rendered":"<p>Ayd\u0131n merkez ve il\u00e7elerinden kutsal topraklara gidecek olan 190 umre yolcusu, dualarla u\u011furland\u0131. Efeler\u2019deki u\u011furlama program\u0131, Bey Camii\u2019nde ger\u00e7ekle\u015ftirildi. Kuran-\u0131 Kerim tilaveti, ilahiler ve salavatlar ile Mescid-i Haram ve Mescid-i Nebevi\u2019ye do\u011fru yola \u00e7\u0131kan umreciler duygu dolu anlar ya\u015fad\u0131. Efeler \u0130l\u00e7e M\u00fcft\u00fcs\u00fc Ramazan Co\u015fkun, yapt\u0131\u011f\u0131 konu\u015fmada umre ibadetinin m\u00fcminler i\u00e7in b\u00fcy\u00fck bir rahmet vesilesi oldu\u011funa&#8230;<\/p>\n","protected":false},"author":1,"featured_media":65866,"comment_status":"open","ping_status":"open","sticky":false,"template":"","format":"standard","meta":{"_crdt_document":"","footnotes":""},"categories":[1],"tags":[],"class_list":["post-65865","post","type-post","status-publish","format-standard","has-post-thumbnail","hentry","category-guncel"],"_links":{"self":[{"href":"https:\/\/www.egemtv.com\/index.php?rest_route=\/wp\/v2\/posts\/65865","targetHints":{"allow":["GET"]}}],"collection":[{"href":"https:\/\/www.egemtv.com\/index.php?rest_route=\/wp\/v2\/posts"}],"about":[{"href":"https:\/\/www.egemtv.com\/index.php?rest_route=\/wp\/v2\/types\/post"}],"author":[{"embeddable":true,"href":"https:\/\/www.egemtv.com\/index.php?rest_route=\/wp\/v2\/users\/1"}],"replies":[{"embeddable":true,"href":"https:\/\/www.egemtv.com\/index.php?rest_route=%2Fwp%2Fv2%2Fcomments&post=65865"}],"version-history":[{"count":1,"href":"https:\/\/www.egemtv.com\/index.php?rest_route=\/wp\/v2\/posts\/65865\/revisions"}],"predecessor-version":[{"id":65867,"href":"https:\/\/www.egemtv.com\/index.php?rest_route=\/wp\/v2\/posts\/65865\/revisions\/65867"}],"wp:featuredmedia":[{"embeddable":true,"href":"https:\/\/www.egemtv.com\/index.php?rest_route=\/wp\/v2\/media\/65866"}],"wp:attachment":[{"href":"https:\/\/www.egemtv.com\/index.php?rest_route=%2Fwp%2Fv2%2Fmedia&parent=65865"}],"wp:term":[{"taxonomy":"category","embeddable":true,"href":"https:\/\/www.egemtv.com\/index.php?rest_route=%2Fwp%2Fv2%2Fcategories&post=65865"},{"taxonomy":"post_tag","embeddable":true,"href":"https:\/\/www.egemtv.com\/index.php?rest_route=%2Fwp%2Fv2%2Ftags&post=65865"}],"curies":[{"name":"wp","href":"https:\/\/api.w.org\/{rel}","templated":true}]}}