{"id":65862,"date":"2025-11-05T10:34:41","date_gmt":"2025-11-05T07:34:41","guid":{"rendered":"https:\/\/www.egemtv.com\/?p=65862"},"modified":"2025-11-05T10:34:42","modified_gmt":"2025-11-05T07:34:42","slug":"cine-memecik-zeytini-festivaline-yogun-ilgi","status":"publish","type":"post","link":"https:\/\/www.egemtv.com\/?p=65862","title":{"rendered":"\u00c7ine Memecik Zeytini Festivali\u2019ne yo\u011fun ilgi"},"content":{"rendered":"<p>Adnan Menderes \u00dcniversitesi Zeytinya\u011f\u0131 \u00dcretim Teknolojileri Ara\u015ft\u0131rma ve Uygulama Merkezi M\u00fcd\u00fcrl\u00fc\u011f\u00fc\u2019n\u00fcn de (ADUZEYMER) i\u015f birli\u011fiyle d\u00fczenlenen 3. \u00c7ine Memecik Zeytin ve Zeytinya\u011f\u0131 Festivali, yo\u011fun kat\u0131l\u0131mla ger\u00e7ekle\u015ftirildi.<br \/>\n<br \/>Zeytin ve zeytinya\u011f\u0131 k\u00fclt\u00fcr\u00fcn\u00fc tan\u0131tmak, b\u00f6lgesel \u00fcretimi desteklemek ve gastronomi turizmine katk\u0131 sa\u011flamak amac\u0131yla d\u00fczenlenen festival, mutfak at\u00f6lyeleri, s\u00f6yle\u015filer, yar\u0131\u015fmalar ve konserler ile dolu dolu ge\u00e7ti. Kat\u0131l\u0131mc\u0131lardan b\u00fcy\u00fck ilgi g\u00f6ren etkinlikte, zeytinin bereketi ve Ege\u2019nin e\u015fsiz lezzetleri bir araya geldi.<br \/>\n<br \/>Festival kapsam\u0131nda AD\u00dc\u2019y\u00fc temsilen, ADUZEYMER M\u00fcd\u00fcr\u00fc Dr. \u00d6\u011fr. \u00dcyesi Emrah K\u00f6ksal Sezgin ile \u00f6\u011fretim \u00fcyeleri Prof. Dr. Renan Tunal\u0131o\u011flu, Prof. Dr. Saime Sefero\u011flu, Do\u00e7. Dr. Ersel Y\u0131lmaz, Prof. Dr. Mesut K\u0131rmac\u0131 ve Prof. Dr. Engin Ertan \u00e7e\u015fitli etkinliklerde g\u00f6rev ald\u0131. AD\u00dc \u00f6\u011fretim \u00fcyeleri, zeytinya\u011f\u0131 \u00fcretim teknolojileri, kalite standartlar\u0131 ve s\u00fcrd\u00fcr\u00fclebilir tar\u0131m uygulamalar\u0131 konular\u0131nda kat\u0131l\u0131mc\u0131lara \u00f6nemli bilgiler aktard\u0131.<br \/>\n<br \/>Festival, b\u00f6lgenin tar\u0131msal potansiyelini ve gastronomik de\u011ferlerini \u00f6ne \u00e7\u0131kararak, AD\u00dc, yerel \u00fcreticiler ve akademik \u00e7evreler aras\u0131nda g\u00fc\u00e7l\u00fc bir i\u015f birli\u011fi a\u011f\u0131 olu\u015fturdu.<br \/><\/p>\n","protected":false},"excerpt":{"rendered":"<p>Adnan Menderes \u00dcniversitesi Zeytinya\u011f\u0131 \u00dcretim Teknolojileri Ara\u015ft\u0131rma ve Uygulama Merkezi M\u00fcd\u00fcrl\u00fc\u011f\u00fc\u2019n\u00fcn de (ADUZEYMER) i\u015f birli\u011fiyle d\u00fczenlenen 3. \u00c7ine Memecik Zeytin ve Zeytinya\u011f\u0131 Festivali, yo\u011fun kat\u0131l\u0131mla ger\u00e7ekle\u015ftirildi. Zeytin ve zeytinya\u011f\u0131 k\u00fclt\u00fcr\u00fcn\u00fc tan\u0131tmak, b\u00f6lgesel \u00fcretimi desteklemek ve gastronomi turizmine katk\u0131 sa\u011flamak amac\u0131yla d\u00fczenlenen festival, mutfak at\u00f6lyeleri, s\u00f6yle\u015filer, yar\u0131\u015fmalar ve konserler ile dolu dolu ge\u00e7ti. Kat\u0131l\u0131mc\u0131lardan b\u00fcy\u00fck ilgi&#8230;<\/p>\n","protected":false},"author":1,"featured_media":65863,"comment_status":"open","ping_status":"open","sticky":false,"template":"","format":"standard","meta":{"_crdt_document":"","footnotes":""},"categories":[1],"tags":[],"class_list":["post-65862","post","type-post","status-publish","format-standard","has-post-thumbnail","hentry","category-guncel"],"_links":{"self":[{"href":"https:\/\/www.egemtv.com\/index.php?rest_route=\/wp\/v2\/posts\/65862","targetHints":{"allow":["GET"]}}],"collection":[{"href":"https:\/\/www.egemtv.com\/index.php?rest_route=\/wp\/v2\/posts"}],"about":[{"href":"https:\/\/www.egemtv.com\/index.php?rest_route=\/wp\/v2\/types\/post"}],"author":[{"embeddable":true,"href":"https:\/\/www.egemtv.com\/index.php?rest_route=\/wp\/v2\/users\/1"}],"replies":[{"embeddable":true,"href":"https:\/\/www.egemtv.com\/index.php?rest_route=%2Fwp%2Fv2%2Fcomments&post=65862"}],"version-history":[{"count":1,"href":"https:\/\/www.egemtv.com\/index.php?rest_route=\/wp\/v2\/posts\/65862\/revisions"}],"predecessor-version":[{"id":65864,"href":"https:\/\/www.egemtv.com\/index.php?rest_route=\/wp\/v2\/posts\/65862\/revisions\/65864"}],"wp:featuredmedia":[{"embeddable":true,"href":"https:\/\/www.egemtv.com\/index.php?rest_route=\/wp\/v2\/media\/65863"}],"wp:attachment":[{"href":"https:\/\/www.egemtv.com\/index.php?rest_route=%2Fwp%2Fv2%2Fmedia&parent=65862"}],"wp:term":[{"taxonomy":"category","embeddable":true,"href":"https:\/\/www.egemtv.com\/index.php?rest_route=%2Fwp%2Fv2%2Fcategories&post=65862"},{"taxonomy":"post_tag","embeddable":true,"href":"https:\/\/www.egemtv.com\/index.php?rest_route=%2Fwp%2Fv2%2Ftags&post=65862"}],"curies":[{"name":"wp","href":"https:\/\/api.w.org\/{rel}","templated":true}]}}