{"id":65859,"date":"2025-11-05T10:15:22","date_gmt":"2025-11-05T07:15:22","guid":{"rendered":"https:\/\/www.egemtv.com\/?p=65859"},"modified":"2025-11-05T10:15:23","modified_gmt":"2025-11-05T07:15:23","slug":"yasi-kucuk-hedefi-buyuk-kucuk-derin-avrupa-sampiyonasinda-turkiyeyi-temsil-ediyor","status":"publish","type":"post","link":"https:\/\/www.egemtv.com\/?p=65859","title":{"rendered":"Ya\u015f\u0131 k\u00fc\u00e7\u00fck, hedefi b\u00fcy\u00fck: K\u00fc\u00e7\u00fck Derin, Avrupa \u015eampiyonas\u0131\u2019nda T\u00fcrkiye\u2019yi temsil ediyor"},"content":{"rendered":"<p>\u00c7e\u015fme Belediyespor Kul\u00fcb\u00fc sporcusu Derin Topa\u00e7o\u011flu, Karada\u011f\u2019\u0131n Budva kentinde d\u00fczenlenen 2025 Avrupa Ya\u015f Gruplar\u0131 Satran\u00e7 \u015eampiyonas\u0131\u2019nda ay-y\u0131ld\u0131zl\u0131 forma ile T\u00fcrkiye\u2019yi temsil ediyor.<br \/>\n<br \/>Avrupa\u2019n\u0131n farkl\u0131 \u00fclkelerinden y\u00fczlerce sporcunun kat\u0131ld\u0131\u011f\u0131 organizasyonda m\u00fccadele eden k\u00fc\u00e7\u00fck satran\u00e7\u00e7\u0131, 6 turu geride b\u0131rakt\u0131\u011f\u0131 turnuvada 4.5 puanl\u0131k ba\u015far\u0131l\u0131 performans\u0131yla dikkat \u00e7ekti. \u00c7e\u015fme Belediyespor Kul\u00fcb\u00fc Ba\u015fkan\u0131 Mehmet Sar\u0131sa\u00e7, yapt\u0131\u011f\u0131 a\u00e7\u0131klamada, Derin\u2019in elde etti\u011fi sonu\u00e7lar\u0131n hem kul\u00fcp hem de il\u00e7e ad\u0131na b\u00fcy\u00fck bir gurur kayna\u011f\u0131 oldu\u011funu vurgulad\u0131. Sar\u0131sa\u00e7, &#8220;\u00c7e\u015fme Belediyespor oyuncumuz Derin Topa\u00e7o\u011flu; ay y\u0131ld\u0131zl\u0131 formam\u0131zla \u00fclkemizi temsil ediyor. 7 ya\u015f\u0131ndan bu yana kul\u00fcb\u00fcm\u00fcz oyuncusu olan Derin, 6 turu geride b\u0131rakt\u0131\u011f\u0131 turnuvada 4.5 puanl\u0131k ba\u015far\u0131l\u0131 performans\u0131yla yoluna emin ad\u0131mlarla devam ediyor&#8221; dedi.<br \/>\n<br \/>Sar\u0131sa\u00e7, ayr\u0131ca kul\u00fcp olarak alt yap\u0131ya ve satran\u00e7 bran\u015f\u0131na verdikleri \u00f6nemi hat\u0131rlatarak, &#8220;\u00c7e\u015fme\u2019den ulusal ve uluslararas\u0131 ba\u015far\u0131lar \u00e7\u0131karan sporcular yeti\u015ftirmek en b\u00fcy\u00fck hedefimiz. Derin gibi gen\u00e7 yeteneklerimizin bu t\u00fcr organizasyonlarda yer almas\u0131 bizleri son derece mutlu ediyor. \u00dclkemizi ve kul\u00fcb\u00fcm\u00fcz\u00fc en iyi \u015fekilde temsil eden sporcumuza kalan turlarda ba\u015far\u0131lar diliyoruz&#8221; c\u00fcmlelerine yer verdi.<br \/>\n<br \/>Avrupa Satran\u00e7 Birli\u011fi taraf\u0131ndan organize edilen turnuva, farkl\u0131 ya\u015f kategorilerinde ger\u00e7ekle\u015ftiriliyor. Derin Topa\u00e7o\u011flu\u2019nun da yer ald\u0131\u011f\u0131 ya\u015f grubunda sporcular, 11 tur \u00fczerinden k\u0131yas\u0131ya m\u00fccadele ediyor. Turnuva sonunda dereceye giren sporcular, Avrupa s\u0131ralamas\u0131nda \u00f6nemli puanlar elde ederek uluslararas\u0131 arenadaki konumlar\u0131n\u0131 g\u00fc\u00e7lendirecek.<br \/>\n<br \/>K\u00fc\u00e7\u00fck ya\u015f\u0131na ra\u011fmen g\u00f6sterdi\u011fi istikrarl\u0131 performansla satran\u00e7 \u00e7evrelerinde ad\u0131ndan s\u00f6z ettiren Derin Topa\u00e7o\u011flu, hem \u00c7e\u015fme Belediyespor\u2019u hem de T\u00fcrkiye\u2019yi ba\u015far\u0131yla temsil etmeye devam ediyor.<br \/><\/p>\n","protected":false},"excerpt":{"rendered":"<p>\u00c7e\u015fme Belediyespor Kul\u00fcb\u00fc sporcusu Derin Topa\u00e7o\u011flu, Karada\u011f\u2019\u0131n Budva kentinde d\u00fczenlenen 2025 Avrupa Ya\u015f Gruplar\u0131 Satran\u00e7 \u015eampiyonas\u0131\u2019nda ay-y\u0131ld\u0131zl\u0131 forma ile T\u00fcrkiye\u2019yi temsil ediyor. Avrupa\u2019n\u0131n farkl\u0131 \u00fclkelerinden y\u00fczlerce sporcunun kat\u0131ld\u0131\u011f\u0131 organizasyonda m\u00fccadele eden k\u00fc\u00e7\u00fck satran\u00e7\u00e7\u0131, 6 turu geride b\u0131rakt\u0131\u011f\u0131 turnuvada 4.5 puanl\u0131k ba\u015far\u0131l\u0131 performans\u0131yla dikkat \u00e7ekti. \u00c7e\u015fme Belediyespor Kul\u00fcb\u00fc Ba\u015fkan\u0131 Mehmet Sar\u0131sa\u00e7, yapt\u0131\u011f\u0131 a\u00e7\u0131klamada, Derin\u2019in elde etti\u011fi&#8230;<\/p>\n","protected":false},"author":1,"featured_media":65860,"comment_status":"open","ping_status":"open","sticky":false,"template":"","format":"standard","meta":{"_crdt_document":"","footnotes":""},"categories":[4],"tags":[],"class_list":["post-65859","post","type-post","status-publish","format-standard","has-post-thumbnail","hentry","category-spor"],"_links":{"self":[{"href":"https:\/\/www.egemtv.com\/index.php?rest_route=\/wp\/v2\/posts\/65859","targetHints":{"allow":["GET"]}}],"collection":[{"href":"https:\/\/www.egemtv.com\/index.php?rest_route=\/wp\/v2\/posts"}],"about":[{"href":"https:\/\/www.egemtv.com\/index.php?rest_route=\/wp\/v2\/types\/post"}],"author":[{"embeddable":true,"href":"https:\/\/www.egemtv.com\/index.php?rest_route=\/wp\/v2\/users\/1"}],"replies":[{"embeddable":true,"href":"https:\/\/www.egemtv.com\/index.php?rest_route=%2Fwp%2Fv2%2Fcomments&post=65859"}],"version-history":[{"count":1,"href":"https:\/\/www.egemtv.com\/index.php?rest_route=\/wp\/v2\/posts\/65859\/revisions"}],"predecessor-version":[{"id":65861,"href":"https:\/\/www.egemtv.com\/index.php?rest_route=\/wp\/v2\/posts\/65859\/revisions\/65861"}],"wp:featuredmedia":[{"embeddable":true,"href":"https:\/\/www.egemtv.com\/index.php?rest_route=\/wp\/v2\/media\/65860"}],"wp:attachment":[{"href":"https:\/\/www.egemtv.com\/index.php?rest_route=%2Fwp%2Fv2%2Fmedia&parent=65859"}],"wp:term":[{"taxonomy":"category","embeddable":true,"href":"https:\/\/www.egemtv.com\/index.php?rest_route=%2Fwp%2Fv2%2Fcategories&post=65859"},{"taxonomy":"post_tag","embeddable":true,"href":"https:\/\/www.egemtv.com\/index.php?rest_route=%2Fwp%2Fv2%2Ftags&post=65859"}],"curies":[{"name":"wp","href":"https:\/\/api.w.org\/{rel}","templated":true}]}}