{"id":65853,"date":"2025-11-05T09:56:00","date_gmt":"2025-11-05T06:56:00","guid":{"rendered":"https:\/\/www.egemtv.com\/?p=65853"},"modified":"2025-11-05T09:56:02","modified_gmt":"2025-11-05T06:56:02","slug":"tedarik-analiziyle-turkiye-birincisi-oldular","status":"publish","type":"post","link":"https:\/\/www.egemtv.com\/?p=65853","title":{"rendered":"Tedarik analiziyle T\u00fcrkiye birincisi oldular"},"content":{"rendered":"<p>\u0130zmir Ekonomi \u00dcniversitesi (\u0130E\u00dc) End\u00fcstri M\u00fchendisli\u011fi B\u00f6l\u00fcm\u00fc \u00f6\u011frencileri Nil Korkmaz, Halil Kaan Ka\u00e7ar ve Onur \u00d6zbek, bu y\u0131l 22.\u2019si d\u00fczenlenen \u00dcniversiteler Aras\u0131 Lojistik Vaka Yar\u0131\u015fmas\u0131\u2019nda T\u00fcrkiye birincisi oldu. Yar\u0131\u015fman\u0131n format\u0131 gere\u011fi bir lojistik firmas\u0131 i\u00e7in tedarik zinciri analizi yapan gen\u00e7ler; m\u00fc\u015fteri memnuniyeti, arz-talep dengesi, risk y\u00f6netimi, stok seviyesi ve s\u00fcrd\u00fcr\u00fclebilirlik gibi kriterleri dikkate alarak sunduklar\u0131 yenilik\u00e7i fikirlerle j\u00fcrinin be\u011fenisini kazanarak \u00f6d\u00fcle ula\u015ft\u0131.<br \/>\n<br \/>Mars Logistics ve Lojistik Derne\u011fi (LODER) i\u015f birli\u011fiyle d\u00fczenlenen \u00dcniversiteler Aras\u0131 Lojistik Vaka Yar\u0131\u015fmas\u0131, b\u00fcy\u00fck heyecana sahne oldu. Lisans ve 4 y\u0131ll\u0131k y\u00fcksekokul \u00f6\u011frencilerinin yar\u0131\u015ft\u0131\u011f\u0131 \u2018A Kategorisi\u2019nde yer alan \u0130E\u00dc End\u00fcstri M\u00fchendisli\u011fi B\u00f6l\u00fcm\u00fc \u00fc\u00e7\u00fcnc\u00fc s\u0131n\u0131f \u00f6\u011frencileri Nil Korkmaz, Halil Kaan Ka\u00e7ar ve Onur \u00d6zbek, lojistik firmas\u0131 i\u00e7in yapt\u0131klar\u0131 ve yakla\u015f\u0131k 2 ayda tamamlad\u0131klar\u0131 \u2018tedarik zinciri geli\u015ftirme\u2019 \u00e7al\u0131\u015fmas\u0131yla finale kald\u0131.<\/p>\n<p>B\u00fcy\u00fck gurur ve sevin\u00e7<br \/>\n<br \/>\u00d6\u011frencilerin rapor halinde sundu\u011fu \u00f6neriler ve yapt\u0131klar\u0131 analizler, akademisyenlerden ve farkl\u0131 sekt\u00f6rlerdeki \u00fcst d\u00fczey lojistik y\u00f6neticilerinden olu\u015fan j\u00fcri \u00fcyeleri taraf\u0131ndan de\u011ferlendirildi. \u0130zmir Ekonomili gen\u00e7ler, Hilton Mall of \u0130stanbul\u2019da ger\u00e7ekle\u015ftirilen finalde birincili\u011fe ula\u015fman\u0131n gurur ve sevincini ya\u015fad\u0131.<\/p>\n<p>&#8220;\u0130\u015f birli\u011fi ve ileti\u015fim de \u00f6nemli&#8221;<br \/>\n<br \/>Gen\u00e7 m\u00fchendis adaylar\u0131 Nil Korkmaz, Halil Kaan Ka\u00e7ar ve Onur \u00d6zbek, yar\u0131\u015fmada sadece teknik bilginin de\u011fil, ekip \u00e7al\u0131\u015fmas\u0131 ve stres y\u00f6netiminin de belirleyici oldu\u011funa dikkat \u00e7ekerek \u015f\u00f6yle konu\u015ftu: &#8220;Ger\u00e7ek bir lojistik firmas\u0131n\u0131n kar\u015f\u0131la\u015ft\u0131\u011f\u0131 sorunlar \u00fczerine d\u00fc\u015f\u00fcnerek s\u00fcrd\u00fcr\u00fclebilir ve verimlili\u011fi art\u0131ran \u00e7\u00f6z\u00fcmler geli\u015ftirdik. Analiz s\u00fcrecinde m\u00fc\u015fteri memnuniyeti, maliyet optimizasyonu ve risk y\u00f6netimi gibi bir\u00e7ok de\u011fi\u015fkeni ayn\u0131 anda de\u011ferlendirdik. Ekip olarak birbirimizin g\u00fc\u00e7l\u00fc y\u00f6nlerinden faydaland\u0131k. Bu deneyim bize, m\u00fchendislikte ba\u015far\u0131n\u0131n yaln\u0131zca hesaplarla de\u011fil, ileti\u015fim ve i\u015f birli\u011fiyle de geldi\u011fini g\u00f6sterdi. J\u00fcriden ald\u0131\u011f\u0131m\u0131z olumlu bildirimler, do\u011fru yolda oldu\u011fumuzu g\u00f6sterdi. Birincili\u011fi kazanmak, b\u00f6l\u00fcm\u00fcm\u00fczde \u00f6\u011frendiklerimizin pratikte g\u00fc\u00e7l\u00fc oldu\u011funu g\u00f6rmek ve gelece\u011fe olan motivasyonumuzu art\u0131rmak a\u00e7\u0131s\u0131ndan \u00e7ok de\u011ferli.&#8221;<\/p>\n<p>&#8220;Problem \u00e7\u00f6zme becerileri geli\u015fiyor&#8221;<br \/>\n<br \/>\u0130E\u00dc End\u00fcstri M\u00fchendisli\u011fi B\u00f6l\u00fcm Ba\u015fkan\u0131 Do\u00e7. Dr. Hamdi Giray Re\u015fat ise, gen\u00e7leri tebrik ederek, &#8220;\u00d6\u011frencilerimizin bu \u00f6nemli ba\u015far\u0131y\u0131 elde etmesi, b\u00f6l\u00fcm\u00fcm\u00fcz\u00fcn uygulamal\u0131 e\u011fitime ve analitik d\u00fc\u015f\u00fcnme becerisine verdi\u011fi \u00f6nemin somut bir g\u00f6stergesidir. Nil, Halil Kaan ve Onur, ayn\u0131 zamanda tak\u0131m \u00e7al\u0131\u015fmas\u0131, problem \u00e7\u00f6zme ve stratejik d\u00fc\u015f\u00fcnme becerileriyle de \u00f6n plana \u00e7\u0131kt\u0131. Bu t\u00fcr yar\u0131\u015fmalar, \u00f6\u011frencilerimizin ger\u00e7ek d\u00fcnya problemlerini \u00e7\u00f6zme yetkinli\u011fini art\u0131r\u0131yor ve onlar\u0131 profesyonel ya\u015fama bir ad\u0131m \u00f6nde haz\u0131rl\u0131yor. Yar\u0131\u015fmaya \u00e7ok iyi haz\u0131rlanan ve elde ettikleri birincilikle hepimizi gururland\u0131ran \u00f6\u011frencilerimizi y\u00fcrekten kutluyorum&#8221; dedi.<br \/><\/p>\n","protected":false},"excerpt":{"rendered":"<p>\u0130zmir Ekonomi \u00dcniversitesi (\u0130E\u00dc) End\u00fcstri M\u00fchendisli\u011fi B\u00f6l\u00fcm\u00fc \u00f6\u011frencileri Nil Korkmaz, Halil Kaan Ka\u00e7ar ve Onur \u00d6zbek, bu y\u0131l 22.\u2019si d\u00fczenlenen \u00dcniversiteler Aras\u0131 Lojistik Vaka Yar\u0131\u015fmas\u0131\u2019nda T\u00fcrkiye birincisi oldu. Yar\u0131\u015fman\u0131n format\u0131 gere\u011fi bir lojistik firmas\u0131 i\u00e7in tedarik zinciri analizi yapan gen\u00e7ler; m\u00fc\u015fteri memnuniyeti, arz-talep dengesi, risk y\u00f6netimi, stok seviyesi ve s\u00fcrd\u00fcr\u00fclebilirlik gibi kriterleri dikkate alarak sunduklar\u0131&#8230;<\/p>\n","protected":false},"author":1,"featured_media":65854,"comment_status":"open","ping_status":"open","sticky":false,"template":"","format":"standard","meta":{"_crdt_document":"","footnotes":""},"categories":[1],"tags":[],"class_list":["post-65853","post","type-post","status-publish","format-standard","has-post-thumbnail","hentry","category-guncel"],"_links":{"self":[{"href":"https:\/\/www.egemtv.com\/index.php?rest_route=\/wp\/v2\/posts\/65853","targetHints":{"allow":["GET"]}}],"collection":[{"href":"https:\/\/www.egemtv.com\/index.php?rest_route=\/wp\/v2\/posts"}],"about":[{"href":"https:\/\/www.egemtv.com\/index.php?rest_route=\/wp\/v2\/types\/post"}],"author":[{"embeddable":true,"href":"https:\/\/www.egemtv.com\/index.php?rest_route=\/wp\/v2\/users\/1"}],"replies":[{"embeddable":true,"href":"https:\/\/www.egemtv.com\/index.php?rest_route=%2Fwp%2Fv2%2Fcomments&post=65853"}],"version-history":[{"count":1,"href":"https:\/\/www.egemtv.com\/index.php?rest_route=\/wp\/v2\/posts\/65853\/revisions"}],"predecessor-version":[{"id":65855,"href":"https:\/\/www.egemtv.com\/index.php?rest_route=\/wp\/v2\/posts\/65853\/revisions\/65855"}],"wp:featuredmedia":[{"embeddable":true,"href":"https:\/\/www.egemtv.com\/index.php?rest_route=\/wp\/v2\/media\/65854"}],"wp:attachment":[{"href":"https:\/\/www.egemtv.com\/index.php?rest_route=%2Fwp%2Fv2%2Fmedia&parent=65853"}],"wp:term":[{"taxonomy":"category","embeddable":true,"href":"https:\/\/www.egemtv.com\/index.php?rest_route=%2Fwp%2Fv2%2Fcategories&post=65853"},{"taxonomy":"post_tag","embeddable":true,"href":"https:\/\/www.egemtv.com\/index.php?rest_route=%2Fwp%2Fv2%2Ftags&post=65853"}],"curies":[{"name":"wp","href":"https:\/\/api.w.org\/{rel}","templated":true}]}}