{"id":65850,"date":"2025-11-05T09:34:47","date_gmt":"2025-11-05T06:34:47","guid":{"rendered":"https:\/\/www.egemtv.com\/?p=65850"},"modified":"2025-11-05T09:34:49","modified_gmt":"2025-11-05T06:34:49","slug":"didimde-13-duzensiz-gocmen-2-organizator-yakalandi","status":"publish","type":"post","link":"https:\/\/www.egemtv.com\/?p=65850","title":{"rendered":"Didim\u2019de 13 d\u00fczensiz g\u00f6\u00e7men, 2 organizat\u00f6r yakaland\u0131"},"content":{"rendered":"<p>Ayd\u0131n\u2019\u0131n Didim il\u00e7esinde yap\u0131lan operasyonda iki otomobil i\u00e7erisinde 13 d\u00fczensiz g\u00f6\u00e7men ve 2 organizat\u00f6r yakaland\u0131.<\/p>\n<p>Didim Akb\u00fck Mahallesi\u2019nde Didim \u0130l\u00e7e Jandarma Komutanl\u0131\u011f\u0131 taraf\u0131ndan d\u00fczensiz g\u00f6\u00e7men ka\u00e7ak\u00e7\u0131l\u0131\u011f\u0131n\u0131 \u00f6nleme amac\u0131yla ger\u00e7ekle\u015ftirilen faaliyette, 2 otomobil i\u00e7erisinde 13 d\u00fczensiz g\u00f6\u00e7men ve organizat\u00f6r 2 \u015fah\u0131s su\u00e7\u00fcst\u00fc yakaland\u0131. Yakalanan \u015fah\u0131slar g\u00f6zalt\u0131na al\u0131n\u0131rken, olayla ilgili inceleme s\u00fcr\u00fcyor.<br \/><\/p>\n","protected":false},"excerpt":{"rendered":"<p>Ayd\u0131n\u2019\u0131n Didim il\u00e7esinde yap\u0131lan operasyonda iki otomobil i\u00e7erisinde 13 d\u00fczensiz g\u00f6\u00e7men ve 2 organizat\u00f6r yakaland\u0131. Didim Akb\u00fck Mahallesi\u2019nde Didim \u0130l\u00e7e Jandarma Komutanl\u0131\u011f\u0131 taraf\u0131ndan d\u00fczensiz g\u00f6\u00e7men ka\u00e7ak\u00e7\u0131l\u0131\u011f\u0131n\u0131 \u00f6nleme amac\u0131yla ger\u00e7ekle\u015ftirilen faaliyette, 2 otomobil i\u00e7erisinde 13 d\u00fczensiz g\u00f6\u00e7men ve organizat\u00f6r 2 \u015fah\u0131s su\u00e7\u00fcst\u00fc yakaland\u0131. Yakalanan \u015fah\u0131slar g\u00f6zalt\u0131na al\u0131n\u0131rken, olayla ilgili inceleme s\u00fcr\u00fcyor.<\/p>\n","protected":false},"author":1,"featured_media":65851,"comment_status":"open","ping_status":"open","sticky":false,"template":"","format":"standard","meta":{"_crdt_document":"","footnotes":""},"categories":[5],"tags":[],"class_list":["post-65850","post","type-post","status-publish","format-standard","has-post-thumbnail","hentry","category-asayis"],"_links":{"self":[{"href":"https:\/\/www.egemtv.com\/index.php?rest_route=\/wp\/v2\/posts\/65850","targetHints":{"allow":["GET"]}}],"collection":[{"href":"https:\/\/www.egemtv.com\/index.php?rest_route=\/wp\/v2\/posts"}],"about":[{"href":"https:\/\/www.egemtv.com\/index.php?rest_route=\/wp\/v2\/types\/post"}],"author":[{"embeddable":true,"href":"https:\/\/www.egemtv.com\/index.php?rest_route=\/wp\/v2\/users\/1"}],"replies":[{"embeddable":true,"href":"https:\/\/www.egemtv.com\/index.php?rest_route=%2Fwp%2Fv2%2Fcomments&post=65850"}],"version-history":[{"count":1,"href":"https:\/\/www.egemtv.com\/index.php?rest_route=\/wp\/v2\/posts\/65850\/revisions"}],"predecessor-version":[{"id":65852,"href":"https:\/\/www.egemtv.com\/index.php?rest_route=\/wp\/v2\/posts\/65850\/revisions\/65852"}],"wp:featuredmedia":[{"embeddable":true,"href":"https:\/\/www.egemtv.com\/index.php?rest_route=\/wp\/v2\/media\/65851"}],"wp:attachment":[{"href":"https:\/\/www.egemtv.com\/index.php?rest_route=%2Fwp%2Fv2%2Fmedia&parent=65850"}],"wp:term":[{"taxonomy":"category","embeddable":true,"href":"https:\/\/www.egemtv.com\/index.php?rest_route=%2Fwp%2Fv2%2Fcategories&post=65850"},{"taxonomy":"post_tag","embeddable":true,"href":"https:\/\/www.egemtv.com\/index.php?rest_route=%2Fwp%2Fv2%2Ftags&post=65850"}],"curies":[{"name":"wp","href":"https:\/\/api.w.org\/{rel}","templated":true}]}}