{"id":65847,"date":"2025-11-05T09:34:44","date_gmt":"2025-11-05T06:34:44","guid":{"rendered":"https:\/\/www.egemtv.com\/?p=65847"},"modified":"2025-11-05T09:34:45","modified_gmt":"2025-11-05T06:34:45","slug":"yapay-zeka-ile-gida-israfina-akilli-cozum","status":"publish","type":"post","link":"https:\/\/www.egemtv.com\/?p=65847","title":{"rendered":"Yapay zeka ile g\u0131da israf\u0131na ak\u0131ll\u0131 \u00e7\u00f6z\u00fcm"},"content":{"rendered":"<p>Ya\u015far \u00dcniversitesi \u00f6\u011frencilerinden &#8220;Green Minds&#8221; ekibi, Avrupa Yenilik ve Teknoloji Enstit\u00fcs\u00fc\u2019n\u00fcn (EIT) g\u0131da aya\u011f\u0131 olan EIT Food\u2019un y\u00fcr\u00fctt\u00fc\u011f\u00fc &#8220;Waste-to-Value&#8221; program\u0131nda finale kald\u0131. \u00d6\u011frencilerin geli\u015ftirdi\u011fi yapay zeka destekli g\u0131da takip uygulamas\u0131 &#8220;FoodGuard&#8221;, g\u0131da israf\u0131n\u0131 azaltmay\u0131 hedefliyor.<br \/>\n<br \/>G\u0131da israf\u0131na \u00e7\u00f6z\u00fcm \u00fcretmek i\u00e7in bir araya gelen Ya\u015far \u00dcniversitesi \u00f6\u011frencileri, Avrupa\u2019n\u0131n en prestijli g\u0131da inovasyon programlar\u0131ndan EIT Food destekli &#8220;Food Solutions: Waste-to-Value&#8221; yar\u0131\u015fmas\u0131nda b\u00fcy\u00fck ba\u015far\u0131 elde etti. &#8220;Green Minds&#8221; adl\u0131 ekip, j\u00fcri de\u011ferlendirmelerini ge\u00e7erek 11 Kas\u0131m 2025\u2019te Impact Hub \u0130stanbul\u2019da yap\u0131lacak finale y\u00fckseldi. Toplam 23 gruptan finale kalan 10 ekip aras\u0131nda ayr\u0131ca Ya\u015far \u00dcniversitesinden akademisyen ve uzmanlar\u0131n ment\u00f6rl\u00fck deste\u011fi verdi\u011fi Ankara \u00dcniversitesi, ODT\u00dc, \u00d6zye\u011fin \u00dcniversitesi, Ko\u00e7 \u00dcniversitesi, Tekirda\u011f Nam\u0131k Kemal, \u0130zmir Demokrasi ve Harran \u00dcniversitesi gibi \u00fcniversitelerden \u00f6\u011frencilerin olu\u015fturdu\u011fu \u00fc\u00e7 ekip daha yar\u0131\u015facak.<br \/>\n<br \/>Ya\u015far \u00dcniversitesi, hem \u00f6\u011frencilerinin geli\u015ftirdi\u011fi projelerle hem de akademisyenlerinin verdi\u011fi ment\u00f6rl\u00fck  deste\u011fiyle program\u0131n finalinde g\u00fc\u00e7l\u00fc bir temsil sa\u011flayacak. Finale kalan 10 ekipten d\u00f6rd\u00fcnde \u00fcniversite aktif rol oynuyor.<\/p>\n<p>Ak\u0131ll\u0131 g\u0131da takip uygulamas\u0131<br \/>\n<br \/>End\u00fcstri M\u00fchendisli\u011fi \u00f6\u011frencileri Deniz Bulduk, \u0130ldem Minel G\u00fcler, M\u00fcfide Defne Akbay, G\u00fczin Ya\u011fmur H\u0131zl\u0131 ve Bilgisayar M\u00fchendisli\u011fi \u00f6\u011frencisi Beyza T\u00fcrk\u2019ten olu\u015fan finalist Green Minds ekibi, FoodGuard adl\u0131 ak\u0131ll\u0131 g\u0131da takip uygulamas\u0131n\u0131 geli\u015ftirdi. Yapay zeka destekli uygulama; son kullanma tarihi tahmini, eldeki g\u0131dalara uygun tarif \u00f6nerileri, s\u00fcresi yakla\u015fan \u00fcr\u00fcnlerin yeniden de\u011ferlendirilmesi ve s\u00fcrd\u00fcr\u00fclebilirlik i\u00e7g\u00f6r\u00fclerini tek platformda bir araya getiriyor. Proje, Ya\u015far \u00dcniversitesi End\u00fcstri M\u00fchendisli\u011fi \u00d6\u011fretim \u00dcyesi Eftymia Staiou ment\u00f6rl\u00fc\u011f\u00fcnde geli\u015ftirildi.<\/p>\n<p>Ya\u015far \u00dcniversitesi d\u00f6rt tak\u0131mla finalde<br \/>\n<br \/>\u00dcniversite \u00f6\u011frencilerinin olu\u015fturdu\u011fu Green Minds ekibinin yan\u0131 s\u0131ra, akademisyenlerinin ment\u00f6rl\u00fc\u011f\u00fcn\u00fc yapt\u0131\u011f\u0131 \u00fc\u00e7 farkl\u0131 \u00fcniversite ekibiyle de finale damga vurdu. Do\u00e7. Dr. Ruhan A\u015fk\u0131n Uzel ment\u00f6rl\u00fc\u011f\u00fcndeki Waste2Biotech tak\u0131m\u0131, Alperen K\u0131z\u0131lkulak ment\u00f6rl\u00fc\u011f\u00fcndeki WaViva tak\u0131m\u0131,Ba\u015fak Kaftan ment\u00f6rl\u00fc\u011f\u00fcndeki Foodies tak\u0131m\u0131 zorlu elemeleri ge\u00e7erek \u0130stanbul finaline kalmay\u0131 ba\u015fard\u0131.<\/p>\n<p>Avrupa destekli yedi giri\u015fimcilik maratonu<br \/>\n<br \/>EIT Food deste\u011fiyle, Foodback, Polonya Bilimler Akademisi G\u0131da Ara\u015ft\u0131rma Enstit\u00fcs\u00fc, Ya\u015far \u00dcniversitesi ve \u0130zmir Tar\u0131m Teknoloji Merkezi i\u015f birli\u011finde y\u00fcr\u00fct\u00fclen program, Nisan 2025\u2019te ba\u015flad\u0131.<br \/>\n<br \/>Avrupa ve T\u00fcrkiye genelinden 33 \u00fcniversiteden 100\u2019\u00fcn \u00fczerinde \u00f6\u011frenci kat\u0131ld\u0131. Kat\u0131l\u0131mc\u0131lar, yedi ay boyunca giri\u015fimcilik e\u011fitimleri alarak ment\u00f6rlerle birlikte prototiplerini geli\u015ftirdi. 23 ekip aras\u0131ndan finale kalan 10 grup, projelerini 11 Kas\u0131m 2025\u2019te Impact Hub \u0130stanbul\u2019da j\u00fcriye sunacak. Finalde birinciye 1.500 avro, ikinciye 1.000 avro, \u00fc\u00e7\u00fcnc\u00fcye ise 500 avro \u00f6d\u00fcl verilecek.<br \/><\/p>\n","protected":false},"excerpt":{"rendered":"<p>Ya\u015far \u00dcniversitesi \u00f6\u011frencilerinden &#8220;Green Minds&#8221; ekibi, Avrupa Yenilik ve Teknoloji Enstit\u00fcs\u00fc\u2019n\u00fcn (EIT) g\u0131da aya\u011f\u0131 olan EIT Food\u2019un y\u00fcr\u00fctt\u00fc\u011f\u00fc &#8220;Waste-to-Value&#8221; program\u0131nda finale kald\u0131. \u00d6\u011frencilerin geli\u015ftirdi\u011fi yapay zeka destekli g\u0131da takip uygulamas\u0131 &#8220;FoodGuard&#8221;, g\u0131da israf\u0131n\u0131 azaltmay\u0131 hedefliyor. G\u0131da israf\u0131na \u00e7\u00f6z\u00fcm \u00fcretmek i\u00e7in bir araya gelen Ya\u015far \u00dcniversitesi \u00f6\u011frencileri, Avrupa\u2019n\u0131n en prestijli g\u0131da inovasyon programlar\u0131ndan EIT Food destekli&#8230;<\/p>\n","protected":false},"author":1,"featured_media":65848,"comment_status":"open","ping_status":"open","sticky":false,"template":"","format":"standard","meta":{"_crdt_document":"","footnotes":""},"categories":[1],"tags":[],"class_list":["post-65847","post","type-post","status-publish","format-standard","has-post-thumbnail","hentry","category-guncel"],"_links":{"self":[{"href":"https:\/\/www.egemtv.com\/index.php?rest_route=\/wp\/v2\/posts\/65847","targetHints":{"allow":["GET"]}}],"collection":[{"href":"https:\/\/www.egemtv.com\/index.php?rest_route=\/wp\/v2\/posts"}],"about":[{"href":"https:\/\/www.egemtv.com\/index.php?rest_route=\/wp\/v2\/types\/post"}],"author":[{"embeddable":true,"href":"https:\/\/www.egemtv.com\/index.php?rest_route=\/wp\/v2\/users\/1"}],"replies":[{"embeddable":true,"href":"https:\/\/www.egemtv.com\/index.php?rest_route=%2Fwp%2Fv2%2Fcomments&post=65847"}],"version-history":[{"count":1,"href":"https:\/\/www.egemtv.com\/index.php?rest_route=\/wp\/v2\/posts\/65847\/revisions"}],"predecessor-version":[{"id":65849,"href":"https:\/\/www.egemtv.com\/index.php?rest_route=\/wp\/v2\/posts\/65847\/revisions\/65849"}],"wp:featuredmedia":[{"embeddable":true,"href":"https:\/\/www.egemtv.com\/index.php?rest_route=\/wp\/v2\/media\/65848"}],"wp:attachment":[{"href":"https:\/\/www.egemtv.com\/index.php?rest_route=%2Fwp%2Fv2%2Fmedia&parent=65847"}],"wp:term":[{"taxonomy":"category","embeddable":true,"href":"https:\/\/www.egemtv.com\/index.php?rest_route=%2Fwp%2Fv2%2Fcategories&post=65847"},{"taxonomy":"post_tag","embeddable":true,"href":"https:\/\/www.egemtv.com\/index.php?rest_route=%2Fwp%2Fv2%2Ftags&post=65847"}],"curies":[{"name":"wp","href":"https:\/\/api.w.org\/{rel}","templated":true}]}}