{"id":65844,"date":"2025-11-05T09:34:42","date_gmt":"2025-11-05T06:34:42","guid":{"rendered":"https:\/\/www.egemtv.com\/?p=65844"},"modified":"2025-11-05T09:34:44","modified_gmt":"2025-11-05T06:34:44","slug":"sultanhisarda-run-nysa-basliyor","status":"publish","type":"post","link":"https:\/\/www.egemtv.com\/?p=65844","title":{"rendered":"Sultanhisar\u2019da Run Nysa ba\u015fl\u0131yor"},"content":{"rendered":"<p>Ayd\u0131n B\u00fcy\u00fck\u015fehir Belediyesi, Ayd\u0131n\u2019\u0131n tan\u0131t\u0131m\u0131na katk\u0131 sunan \u00e7al\u0131\u015fmalar\u0131na devam ediyor. Sultanhisar il\u00e7esinde yer alan ve binlerce y\u0131ll\u0131k ge\u00e7mi\u015fe sahip olan Nysa Antik Kenti, &#8220;Run Nysa&#8221; ko\u015fu etkinli\u011fiyle sporseverleri a\u011f\u0131rlayacak.<br \/>\n<br \/>5 ve 10 kilometrelik iki farkl\u0131 parkurda ger\u00e7ekle\u015fecek yar\u0131\u015fta, hem profesyonel ko\u015fucular hem de sporu ya\u015fam bi\u00e7imi haline getiren vatanda\u015flar ter d\u00f6kecek. Etkinlik sonunda dereceye giren kat\u0131l\u0131mc\u0131lar \u00f6d\u00fcllendirilecek.<br \/>\n<br \/>Ayd\u0131n B\u00fcy\u00fck\u015fehir Belediye Ba\u015fkan\u0131 \u00d6zlem \u00c7er\u00e7io\u011flu, t\u00fcm vatanda\u015flar\u0131 Ayd\u0131n\u2019\u0131n tarihini ve do\u011fas\u0131n\u0131 sporla bulu\u015fturacak olan e\u015fsiz organizasyona davet ederek, &#8220;Vatanda\u015flar\u0131m\u0131z bu muhte\u015fem etkinlikle hem spor yapacak hem de Ayd\u0131n\u0131m\u0131z\u0131n k\u00fclt\u00fcrel ve do\u011fal zenginliklerini ke\u015ffederek keyifli bir g\u00fcn ge\u00e7irecek&#8221; ifadelerini kulland\u0131.<br \/>\n<br \/>Sporcular \u015fehrin do\u011fal g\u00fczellikleriyle tan\u0131\u015facak<br \/>\n<br \/>&#8220;Run Ayd\u0131n&#8221; ko\u015fu yar\u0131\u015fmas\u0131, 23 Kas\u0131m Pazar g\u00fcn\u00fc saat 10.00\u2019da ba\u015flayacak. Yar\u0131\u015fma, Nysa Antik Kenti\u2019nin ve Ayd\u0131n\u2019\u0131n tan\u0131t\u0131m\u0131na katk\u0131 sunarken, ayn\u0131 zamanda \u015fehrin do\u011fal g\u00fczellikleri ile tan\u0131\u015fma \u015fans\u0131n\u0131 da beraberinde getirecek.<br \/><\/p>\n","protected":false},"excerpt":{"rendered":"<p>Ayd\u0131n B\u00fcy\u00fck\u015fehir Belediyesi, Ayd\u0131n\u2019\u0131n tan\u0131t\u0131m\u0131na katk\u0131 sunan \u00e7al\u0131\u015fmalar\u0131na devam ediyor. Sultanhisar il\u00e7esinde yer alan ve binlerce y\u0131ll\u0131k ge\u00e7mi\u015fe sahip olan Nysa Antik Kenti, &#8220;Run Nysa&#8221; ko\u015fu etkinli\u011fiyle sporseverleri a\u011f\u0131rlayacak. 5 ve 10 kilometrelik iki farkl\u0131 parkurda ger\u00e7ekle\u015fecek yar\u0131\u015fta, hem profesyonel ko\u015fucular hem de sporu ya\u015fam bi\u00e7imi haline getiren vatanda\u015flar ter d\u00f6kecek. Etkinlik sonunda dereceye giren&#8230;<\/p>\n","protected":false},"author":1,"featured_media":65845,"comment_status":"open","ping_status":"open","sticky":false,"template":"","format":"standard","meta":{"_crdt_document":"","footnotes":""},"categories":[4],"tags":[],"class_list":["post-65844","post","type-post","status-publish","format-standard","has-post-thumbnail","hentry","category-spor"],"_links":{"self":[{"href":"https:\/\/www.egemtv.com\/index.php?rest_route=\/wp\/v2\/posts\/65844","targetHints":{"allow":["GET"]}}],"collection":[{"href":"https:\/\/www.egemtv.com\/index.php?rest_route=\/wp\/v2\/posts"}],"about":[{"href":"https:\/\/www.egemtv.com\/index.php?rest_route=\/wp\/v2\/types\/post"}],"author":[{"embeddable":true,"href":"https:\/\/www.egemtv.com\/index.php?rest_route=\/wp\/v2\/users\/1"}],"replies":[{"embeddable":true,"href":"https:\/\/www.egemtv.com\/index.php?rest_route=%2Fwp%2Fv2%2Fcomments&post=65844"}],"version-history":[{"count":1,"href":"https:\/\/www.egemtv.com\/index.php?rest_route=\/wp\/v2\/posts\/65844\/revisions"}],"predecessor-version":[{"id":65846,"href":"https:\/\/www.egemtv.com\/index.php?rest_route=\/wp\/v2\/posts\/65844\/revisions\/65846"}],"wp:featuredmedia":[{"embeddable":true,"href":"https:\/\/www.egemtv.com\/index.php?rest_route=\/wp\/v2\/media\/65845"}],"wp:attachment":[{"href":"https:\/\/www.egemtv.com\/index.php?rest_route=%2Fwp%2Fv2%2Fmedia&parent=65844"}],"wp:term":[{"taxonomy":"category","embeddable":true,"href":"https:\/\/www.egemtv.com\/index.php?rest_route=%2Fwp%2Fv2%2Fcategories&post=65844"},{"taxonomy":"post_tag","embeddable":true,"href":"https:\/\/www.egemtv.com\/index.php?rest_route=%2Fwp%2Fv2%2Ftags&post=65844"}],"curies":[{"name":"wp","href":"https:\/\/api.w.org\/{rel}","templated":true}]}}