{"id":65841,"date":"2025-11-05T09:14:54","date_gmt":"2025-11-05T06:14:54","guid":{"rendered":"https:\/\/www.egemtv.com\/?p=65841"},"modified":"2025-11-05T09:15:00","modified_gmt":"2025-11-05T06:15:00","slug":"atcali-ogrencilerden-anlamli-etkinlik","status":"publish","type":"post","link":"https:\/\/www.egemtv.com\/?p=65841","title":{"rendered":"At\u00e7al\u0131 \u00f6\u011frencilerden anlaml\u0131 etkinlik"},"content":{"rendered":"<p>Ayd\u0131n\u2019\u0131n Sultanhisar il\u00e7esine ba\u011fl\u0131 At\u00e7a Mahallesi\u2019nde bulunan At\u00e7a Atat\u00fcrk \u0130lkokulu, Gazze\u2019ye destek amac\u0131yla yap\u0131lan etkinlikten elde edilen gelir Gazze\u2019ye g\u00f6nderildi.<\/p>\n<p>Sultanhisar il\u00e7esinde e\u011fitim veren At\u00e7a Atat\u00fcrk \u0130lkokulu, Gazze\u2019de ya\u015fanan insani krize sessiz kalmayarak anlaml\u0131 bir yard\u0131m kampanyas\u0131 d\u00fczenledi. Okul y\u00f6netimi, \u00f6\u011fretmenler, veliler ve \u00f6\u011frencilerin katk\u0131lar\u0131yla ger\u00e7ekle\u015ftirilen g\u00f6zleme etkinli\u011finden elde edilen t\u00fcm gelir, K\u0131z\u0131lay Kul\u00fcb\u00fc arac\u0131l\u0131\u011f\u0131yla Gazze\u2019ye g\u00f6nderilmek \u00fczere ba\u011f\u0131\u015fland\u0131.<\/p>\n<p>Okulun K\u0131z\u0131lay Kul\u00fcb\u00fc \u00f6\u011frenci ve \u00f6\u011fretmenlerince okul bah\u00e7esinde yap\u0131lan etkinlik b\u00fcy\u00fck ilgi g\u00f6rd\u00fc. \u00d6\u011frenci velisi Mehmet Akp\u0131nar ve Okul Aile Birli\u011fi Ba\u015fkan\u0131 Hacer Dokumac\u0131 \u00f6nc\u00fcl\u00fc\u011f\u00fcnde ger\u00e7ekle\u015ftirilen etkinlikte okul aile birli\u011fi \u00fcyeleri ve \u00f6\u011frenci velileri evlerinde haz\u0131rlad\u0131klar\u0131 g\u00f6zlemeleri okul bah\u00e7esinde a\u00e7\u0131lan stantta sat\u0131\u015fa \u00e7\u0131kard\u0131.<\/p>\n<p>&#8220;\u00c7ocuklar\u0131m\u0131z\u0131 en iyi \u015fekilde yeti\u015ftirmeyi hedefliyoruz&#8221;<br \/>\n<br \/>Ama\u00e7lar\u0131n\u0131n yaln\u0131zca maddi destek sa\u011flamak olmad\u0131\u011f\u0131, ayn\u0131 zamanda \u00f6\u011frencilerde toplumsal duyarl\u0131l\u0131k ve vicdani sorumluluk bilinci olu\u015fturmak oldu\u011funu vurgulayan Okul Aile Birli\u011fi Ba\u015fkan\u0131 Hacer Dokumac\u0131, yapt\u0131\u011f\u0131 bilgilendirmede: &#8220;At\u00e7a Atat\u00fcrk \u0130lkokulu sadece kendi \u00fclkemize de\u011fil, d\u00fcnyan\u0131n d\u00f6rt bir yan\u0131ndaki mazlum milletlere kar\u015f\u0131 da duyarl\u0131 bireyler yeti\u015ftirmeyi hedefliyoruz. At\u00e7a Atat\u00fcrk \u0130lkokulu, bar\u0131\u015f ve insanl\u0131k de\u011ferlerini temel alan e\u011fitim anlay\u0131\u015f\u0131yla, \u00f6\u011frencilerine sadece akademik bilgi de\u011fil, ayn\u0131 zamanda vicdan ve empati kazand\u0131rmaya devam edecek&#8221; dedi.<br \/><\/p>\n","protected":false},"excerpt":{"rendered":"<p>Ayd\u0131n\u2019\u0131n Sultanhisar il\u00e7esine ba\u011fl\u0131 At\u00e7a Mahallesi\u2019nde bulunan At\u00e7a Atat\u00fcrk \u0130lkokulu, Gazze\u2019ye destek amac\u0131yla yap\u0131lan etkinlikten elde edilen gelir Gazze\u2019ye g\u00f6nderildi. Sultanhisar il\u00e7esinde e\u011fitim veren At\u00e7a Atat\u00fcrk \u0130lkokulu, Gazze\u2019de ya\u015fanan insani krize sessiz kalmayarak anlaml\u0131 bir yard\u0131m kampanyas\u0131 d\u00fczenledi. Okul y\u00f6netimi, \u00f6\u011fretmenler, veliler ve \u00f6\u011frencilerin katk\u0131lar\u0131yla ger\u00e7ekle\u015ftirilen g\u00f6zleme etkinli\u011finden elde edilen t\u00fcm gelir, K\u0131z\u0131lay Kul\u00fcb\u00fc arac\u0131l\u0131\u011f\u0131yla&#8230;<\/p>\n","protected":false},"author":1,"featured_media":65842,"comment_status":"open","ping_status":"open","sticky":false,"template":"","format":"standard","meta":{"_crdt_document":"","footnotes":""},"categories":[1],"tags":[],"class_list":["post-65841","post","type-post","status-publish","format-standard","has-post-thumbnail","hentry","category-guncel"],"_links":{"self":[{"href":"https:\/\/www.egemtv.com\/index.php?rest_route=\/wp\/v2\/posts\/65841","targetHints":{"allow":["GET"]}}],"collection":[{"href":"https:\/\/www.egemtv.com\/index.php?rest_route=\/wp\/v2\/posts"}],"about":[{"href":"https:\/\/www.egemtv.com\/index.php?rest_route=\/wp\/v2\/types\/post"}],"author":[{"embeddable":true,"href":"https:\/\/www.egemtv.com\/index.php?rest_route=\/wp\/v2\/users\/1"}],"replies":[{"embeddable":true,"href":"https:\/\/www.egemtv.com\/index.php?rest_route=%2Fwp%2Fv2%2Fcomments&post=65841"}],"version-history":[{"count":1,"href":"https:\/\/www.egemtv.com\/index.php?rest_route=\/wp\/v2\/posts\/65841\/revisions"}],"predecessor-version":[{"id":65843,"href":"https:\/\/www.egemtv.com\/index.php?rest_route=\/wp\/v2\/posts\/65841\/revisions\/65843"}],"wp:featuredmedia":[{"embeddable":true,"href":"https:\/\/www.egemtv.com\/index.php?rest_route=\/wp\/v2\/media\/65842"}],"wp:attachment":[{"href":"https:\/\/www.egemtv.com\/index.php?rest_route=%2Fwp%2Fv2%2Fmedia&parent=65841"}],"wp:term":[{"taxonomy":"category","embeddable":true,"href":"https:\/\/www.egemtv.com\/index.php?rest_route=%2Fwp%2Fv2%2Fcategories&post=65841"},{"taxonomy":"post_tag","embeddable":true,"href":"https:\/\/www.egemtv.com\/index.php?rest_route=%2Fwp%2Fv2%2Ftags&post=65841"}],"curies":[{"name":"wp","href":"https:\/\/api.w.org\/{rel}","templated":true}]}}