{"id":65838,"date":"2025-11-05T09:14:45","date_gmt":"2025-11-05T06:14:45","guid":{"rendered":"https:\/\/www.egemtv.com\/?p=65838"},"modified":"2025-11-05T09:14:48","modified_gmt":"2025-11-05T06:14:48","slug":"dis-hekimi-ozbek-agiz-kokusu-sosyal-iliskileri-derinden-sarsabiliyor","status":"publish","type":"post","link":"https:\/\/www.egemtv.com\/?p=65838","title":{"rendered":"Di\u015f Hekimi \u00d6zbek: &#8220;A\u011f\u0131z kokusu sosyal ili\u015fkileri derinden sarsabiliyor&#8221;"},"content":{"rendered":"<p>Memorial Bodrum Hastanesi Di\u015f B\u00f6l\u00fcm\u00fc\u2019nden Di\u015f Hekimi \u0130rem Merve \u00d6zbek, a\u011f\u0131z kokusu ile ilgili olarak, &#8220;Yap\u0131lan ara\u015ft\u0131rmalar, kal\u0131c\u0131 a\u011f\u0131z kokusunun ileti\u015fim problemlerine, \u00f6zg\u00fcven kayb\u0131na ve sosyal ili\u015fkilerde uzakla\u015fmalara yol a\u00e7abildi\u011fini ortaya koyuyor&#8221; dedi.<\/p>\n<p>Memorial Bodrum Hastanesi Di\u015f B\u00f6l\u00fcm\u00fc\u2019nden Di\u015f Hekimi \u0130rem Merve \u00d6zbek, a\u011f\u0131z kokusunun nedenleri ve \u00e7\u00f6z\u00fcm yollar\u0131 hakk\u0131nda \u00f6nemli bilgiler payla\u015ft\u0131. \u00d6zbek, &#8220;Toplumda s\u0131k kar\u015f\u0131la\u015f\u0131lan ve ki\u015finin sosyal ya\u015fam\u0131n\u0131 do\u011frudan etkileyen a\u011f\u0131z kokusu (halitozis), yaln\u0131zca basit bir hijyen sorunu de\u011fil, kimi zaman ciddi sa\u011fl\u0131k problemlerinin habercisi olabiliyor. Yap\u0131lan ara\u015ft\u0131rmalar, kal\u0131c\u0131 a\u011f\u0131z kokusunun ileti\u015fim problemlerine, \u00f6zg\u00fcven kayb\u0131na ve sosyal ili\u015fkilerde uzakla\u015fmalara yol a\u00e7abildi\u011fini ortaya koyuyor. Uzmanlar, bu durumun sadece a\u011f\u0131z hijyeniyle s\u0131n\u0131rl\u0131 olmad\u0131\u011f\u0131n\u0131; diyabetten mide rahats\u0131zl\u0131klar\u0131na kadar bir\u00e7ok sa\u011fl\u0131k sorunuyla ba\u011flant\u0131l\u0131 olabilece\u011fini belirtiyor&#8221; \u015feklinde konu\u015ftu.<\/p>\n<p>&#8220;A\u011f\u0131z kokusunun en s\u0131k nedeni bakterilerdir&#8221;<br \/>\n<br \/>&#8220;A\u011f\u0131z kokusu genellikle a\u011f\u0131z i\u00e7indeki bakterilerden kaynaklan\u0131r&#8221; diyen \u00d6zbek,  &#8220;Yetersiz a\u011f\u0131z hijyeni, di\u015f eti hastal\u0131klar\u0131, di\u015f \u00e7\u00fcr\u00fckleri, dil \u00fczerindeki bakteri tabakas\u0131 ve bademcik ta\u015flar\u0131 bu duruma yol a\u00e7an ba\u015fl\u0131ca etkenler aras\u0131ndad\u0131r. Yetersiz su t\u00fcketimi, sigara kullan\u0131m\u0131, uzun s\u00fcre a\u00e7 kalmak gibi al\u0131\u015fkanl\u0131klar da a\u011f\u0131zda k\u00f6t\u00fc koku olu\u015fmas\u0131na neden olur. Daha nadir olarak sin\u00fcs enfeksiyonlar\u0131, diyabet ve mide problemleri gibi sistemik hastal\u0131klar da a\u011f\u0131z kokusunun kayna\u011f\u0131 olabilir. Baz\u0131 ila\u00e7lar\u0131n uzun s\u00fcreli kullan\u0131m\u0131 veya beslenme bozukluklar\u0131 t\u00fck\u00fcr\u00fck yap\u0131s\u0131n\u0131 bozarak bakteri birikimine zemin haz\u0131rlar. Bu durum da a\u011f\u0131z kokusunun kal\u0131c\u0131 hale gelmesine yol a\u00e7abilir&#8221; a\u00e7\u0131klamas\u0131nda bulundu.<\/p>\n<p>&#8220;Sadece di\u015f macunuyla bast\u0131rmak yetmez&#8221;<br \/>\n<br \/>S\u00fcrekli devam eden a\u011f\u0131z kokusu; diyabet, karaci\u011fer veya mide hastal\u0131klar\u0131n\u0131n ilk sinyali olabilece\u011fini ifade eden \u00d6zbek, &#8220;Bu nedenle, a\u011f\u0131z kokusu ge\u00e7ici de\u011filse, yaln\u0131zca a\u011f\u0131z hijyenine odaklanmak yerine altta yatan t\u0131bbi nedenlerin ara\u015ft\u0131r\u0131lmas\u0131 gerekir. Erken d\u00f6nemde fark edilen sistemik hastal\u0131klar, hem a\u011f\u0131z kokusunun ortadan kalkmas\u0131n\u0131 sa\u011flar hem de genel sa\u011fl\u0131k a\u00e7\u0131s\u0131ndan hayati \u00f6nem ta\u015f\u0131r&#8221; diye konu\u015ftu.<\/p>\n<p>&#8220;D\u00fczenli bak\u0131m k\u00f6t\u00fc kokuyu \u00f6nlemenin anahtar\u0131&#8221;<br \/>\n<br \/>D\u00fczenli a\u011f\u0131z bak\u0131m\u0131, a\u011f\u0131z kokusunu \u00f6nlemede en etkili y\u00f6ntemlerden biri oldu\u011funu da a\u00e7\u0131klayan \u00d6zbek, &#8220;Di\u015flerin g\u00fcnde en az iki kez f\u0131r\u00e7alanmas\u0131, di\u015f ipiyle aray\u00fcz temizli\u011finin yap\u0131lmas\u0131 ve dilin \u00f6zel bir f\u0131r\u00e7a ya da kaz\u0131y\u0131c\u0131 ile temizlenmesi a\u011f\u0131z hijyenini sa\u011flar. Y\u0131lda en az iki kez di\u015f hekimi kontrol\u00fcne gitmek, di\u015f eti hastal\u0131klar\u0131n\u0131 ve \u00e7\u00fcr\u00fckleri erken d\u00f6nemde tespit etmeye yard\u0131mc\u0131 olur. Di\u015f ta\u015f\u0131 temizli\u011fi ve polisaj i\u015flemi, hem estetik hem de hijyen a\u00e7\u0131s\u0131ndan b\u00fcy\u00fck \u00f6nem ta\u015f\u0131r. Ayr\u0131ca f\u0131r\u00e7alamaya destek olarak a\u011f\u0131z du\u015fu (oral irrigator) kullan\u0131m\u0131, bakterilerin azalt\u0131lmas\u0131nda olduk\u00e7a etkilidir&#8221; dedi.<\/p>\n<p>&#8220;S\u00fcrekli a\u011f\u0131z kokusu ciddi hastal\u0131k belirtisi olabilir&#8221;<br \/>\n<br \/>A\u011f\u0131z kokusunun ge\u00e7ici de\u011fil, s\u00fcrekli bir hale gelmesi durumunda bir uzmana ba\u015fvurulmas\u0131 gerekti\u011finin alt\u0131n\u0131 \u00e7izen \u00d6zbek, &#8220;Kokunun kayna\u011f\u0131 sadece a\u011f\u0131zda olmayabilir; baz\u0131 durumlarda kulak burun bo\u011faz ya da gastroenteroloji uzmanlar\u0131n\u0131n de\u011ferlendirmesi gerekebilir. Altta yatan sistemik hastal\u0131k tedavi edildi\u011finde, a\u011f\u0131z kokusu da ortadan kalkar&#8221; \u015feklinde konu\u015ftu.<\/p>\n<p>\u00d6zbek, &#8220;A\u011f\u0131z kokusuna engel olmak i\u00e7in yap\u0131lmas\u0131 gerekenleri \u015f\u00f6yle s\u0131ralad\u0131; &#8220;Di\u015flerinizi g\u00fcnde en az iki kez f\u0131r\u00e7alay\u0131n. Her g\u00fcn di\u015f ipi ile aray\u00fcz temizli\u011fi yap\u0131n. Dilinizi \u00f6zel bir f\u0131r\u00e7a veya dil kaz\u0131y\u0131c\u0131yla temizleyin. A\u011f\u0131z du\u015fu (oral irrigator) kullanarak f\u0131r\u00e7alamay\u0131 destekleyin. G\u00fcn i\u00e7inde yeterli miktarda su i\u00e7in, a\u011f\u0131z kurulu\u011funu \u00f6nleyin. Sigara ve alkol t\u00fcketimini azalt\u0131n veya b\u0131rak\u0131n. So\u011fan, sar\u0131msak, kahve gibi kokuya neden olan g\u0131dalar\u0131 a\u015f\u0131r\u0131 t\u00fcketmeyin. \u015eekersiz sak\u0131z \u00e7i\u011fneyerek t\u00fck\u00fcr\u00fck \u00fcretimini art\u0131r\u0131n. Antibakteriyel a\u011f\u0131z gargaralar\u0131 ile a\u011f\u0131z hijyenini destekleyin. Y\u0131lda iki kez di\u015f hekimi kontrol\u00fc yapt\u0131rarak muhtemel sorunlar\u0131 erken fark edin&#8221;<br \/><\/p>\n","protected":false},"excerpt":{"rendered":"<p>Memorial Bodrum Hastanesi Di\u015f B\u00f6l\u00fcm\u00fc\u2019nden Di\u015f Hekimi \u0130rem Merve \u00d6zbek, a\u011f\u0131z kokusu ile ilgili olarak, &#8220;Yap\u0131lan ara\u015ft\u0131rmalar, kal\u0131c\u0131 a\u011f\u0131z kokusunun ileti\u015fim problemlerine, \u00f6zg\u00fcven kayb\u0131na ve sosyal ili\u015fkilerde uzakla\u015fmalara yol a\u00e7abildi\u011fini ortaya koyuyor&#8221; dedi. Memorial Bodrum Hastanesi Di\u015f B\u00f6l\u00fcm\u00fc\u2019nden Di\u015f Hekimi \u0130rem Merve \u00d6zbek, a\u011f\u0131z kokusunun nedenleri ve \u00e7\u00f6z\u00fcm yollar\u0131 hakk\u0131nda \u00f6nemli bilgiler payla\u015ft\u0131. \u00d6zbek, &#8220;Toplumda&#8230;<\/p>\n","protected":false},"author":1,"featured_media":65839,"comment_status":"open","ping_status":"open","sticky":false,"template":"","format":"standard","meta":{"_crdt_document":"","footnotes":""},"categories":[2],"tags":[],"class_list":["post-65838","post","type-post","status-publish","format-standard","has-post-thumbnail","hentry","category-saglik"],"_links":{"self":[{"href":"https:\/\/www.egemtv.com\/index.php?rest_route=\/wp\/v2\/posts\/65838","targetHints":{"allow":["GET"]}}],"collection":[{"href":"https:\/\/www.egemtv.com\/index.php?rest_route=\/wp\/v2\/posts"}],"about":[{"href":"https:\/\/www.egemtv.com\/index.php?rest_route=\/wp\/v2\/types\/post"}],"author":[{"embeddable":true,"href":"https:\/\/www.egemtv.com\/index.php?rest_route=\/wp\/v2\/users\/1"}],"replies":[{"embeddable":true,"href":"https:\/\/www.egemtv.com\/index.php?rest_route=%2Fwp%2Fv2%2Fcomments&post=65838"}],"version-history":[{"count":1,"href":"https:\/\/www.egemtv.com\/index.php?rest_route=\/wp\/v2\/posts\/65838\/revisions"}],"predecessor-version":[{"id":65840,"href":"https:\/\/www.egemtv.com\/index.php?rest_route=\/wp\/v2\/posts\/65838\/revisions\/65840"}],"wp:featuredmedia":[{"embeddable":true,"href":"https:\/\/www.egemtv.com\/index.php?rest_route=\/wp\/v2\/media\/65839"}],"wp:attachment":[{"href":"https:\/\/www.egemtv.com\/index.php?rest_route=%2Fwp%2Fv2%2Fmedia&parent=65838"}],"wp:term":[{"taxonomy":"category","embeddable":true,"href":"https:\/\/www.egemtv.com\/index.php?rest_route=%2Fwp%2Fv2%2Fcategories&post=65838"},{"taxonomy":"post_tag","embeddable":true,"href":"https:\/\/www.egemtv.com\/index.php?rest_route=%2Fwp%2Fv2%2Ftags&post=65838"}],"curies":[{"name":"wp","href":"https:\/\/api.w.org\/{rel}","templated":true}]}}