{"id":65835,"date":"2025-11-05T08:54:55","date_gmt":"2025-11-05T05:54:55","guid":{"rendered":"https:\/\/www.egemtv.com\/?p=65835"},"modified":"2025-11-05T08:54:56","modified_gmt":"2025-11-05T05:54:56","slug":"manisada-su-hasadi-donemi-basladi","status":"publish","type":"post","link":"https:\/\/www.egemtv.com\/?p=65835","title":{"rendered":"Manisa\u2019da su hasad\u0131 d\u00f6nemi ba\u015flad\u0131"},"content":{"rendered":"<p>Manisa B\u00fcy\u00fck\u015fehir Belediyesi, G\u00f6rdes\u2019in Malaz Mahallesi\u2019nde 35 bin metrek\u00fcp kapasiteli g\u00f6letle hem \u00fcreticiye sulama imkan\u0131 hem de orman yang\u0131nlar\u0131na kar\u015f\u0131 su g\u00fcvencesi sa\u011flad\u0131. G\u00f6letin, k\u0131\u015f aylar\u0131nda ya\u011fan ya\u011fmur ve kar sular\u0131n\u0131 da hasat ederek su k\u0131tl\u0131\u011f\u0131n\u0131n ya\u015fand\u0131\u011f\u0131 d\u00f6nemlerde \u00fcreticilere can suyu olaca\u011f\u0131 a\u00e7\u0131kland\u0131.<br \/>\n<br \/>Manisa B\u00fcy\u00fck\u015fehir Belediyesi, k\u0131rsal kalk\u0131nma yat\u0131r\u0131mlar\u0131 kapsam\u0131nda G\u00f6rdes il\u00e7esine ba\u011fl\u0131 Malaz Mahallesi\u2019nde 35 bin metrek\u00fcp su tutma kapasiteli tar\u0131msal sulama g\u00f6letini tamamlayarak hizmete sundu. Proje, sadece tar\u0131msal \u00fcretimi desteklemekle kalmay\u0131p, k\u0131\u015f aylar\u0131nda ya\u011fan ya\u011fmur ve kar sular\u0131n\u0131 hasat ederek su k\u0131tl\u0131\u011f\u0131n\u0131n ya\u015fand\u0131\u011f\u0131 d\u00f6nemlerde \u00fcreticilere can suyu olacak. Ayr\u0131ca, besi ve yaban hayvanlar\u0131n\u0131n su ihtiyac\u0131n\u0131 kar\u015f\u0131layacak ve orman yang\u0131nlar\u0131nda m\u00fcdahale kapasitesini art\u0131racak.<br \/>\n<br \/>Malaz Mahalle Muhtar\u0131 Kadir Do\u011fruyol, g\u00f6letin mahalle ekonomisi i\u00e7in b\u00fcy\u00fck bir kazan\u00e7 oldu\u011funu vurgulayarak, &#8220;Biz salatal\u0131k ve kiraz \u00fcretimi yap\u0131yoruz. Bu \u00fcr\u00fcnlerin sulamas\u0131z yeti\u015fmesi m\u00fcmk\u00fcn de\u011fil. Bu g\u00f6let sayesinde sulu tar\u0131ma ge\u00e7ece\u011fiz. Ekonomimize \u00e7ok b\u00fcy\u00fck katk\u0131 sa\u011flayacak. Ba\u015fta B\u00fcy\u00fck\u015fehir Belediye Ba\u015fkan\u0131m\u0131za olmak \u00fczere eme\u011fi ge\u00e7en herkese te\u015fekk\u00fcr ediyorum&#8221; diye konu\u015ftu.<br \/>\n<br \/>K\u0131rsal Hizmetler Dairesi Ba\u015fkanl\u0131\u011f\u0131 taraf\u0131ndan yap\u0131lan proje, tamamen B\u00fcy\u00fck\u015fehir Belediyesi\u2019nin \u00f6z kaynaklar\u0131yla hayata ge\u00e7irildi. K\u0131rsal Hizmetler Dairesi Ba\u015fkanl\u0131\u011f\u0131 Jeoloji Y\u00fcksek M\u00fchendisi Bozkurt \u0130brim, g\u00f6letin herhangi bir d\u0131\u015f kayna\u011fa ihtiya\u00e7 duymadan k\u0131\u015f ya\u011f\u0131\u015flar\u0131yla dolaca\u011f\u0131n\u0131 belirterek, &#8220;G\u00f6let, tar\u0131msal sulama i\u00e7in in\u015fa edildi ancak ayn\u0131 zamanda besi ve yaban hayvanlar\u0131n\u0131n da su ihtiyac\u0131n\u0131 kar\u015f\u0131layacak. G\u00f6rdes ve Salihli\u2019de ge\u00e7ti\u011fimiz y\u0131llarda ya\u015fanan yang\u0131nlar, bu t\u00fcr g\u00f6letlerin \u00f6nemini bir kez daha g\u00f6sterdi. G\u00f6letlerimiz, yang\u0131n helikopterlerinin de su alabilece\u011fi \u00f6nemli kaynaklar olu\u015fturuyor&#8221; dedi.<br \/>\n<br \/>Mahalle sakini Mehmet Arac\u0131 da g\u00f6letin uzun y\u0131llard\u0131r beklenen bir yat\u0131r\u0131m oldu\u011funu ifade ederek, &#8220;Suyumuz olmasa biz a\u00e7\u0131z. Bu g\u00f6let bizim 20-30 senemizi kurtard\u0131. Art\u0131k 7\/24 su elimizin alt\u0131nda olacak. B\u00fcy\u00fck\u015fehir Belediyesi\u2019ne hakk\u0131n\u0131 \u00f6deyemeyiz, Allah raz\u0131 olsun&#8221; \u015feklinde konu\u015furken, muhtar azalar\u0131ndan Hasan Y\u0131ld\u0131r\u0131m ise projeye katk\u0131 sunanlara te\u015fekk\u00fcr ederek, &#8220;Sulama yapam\u0131yorduk, mahsul kald\u0131ram\u0131yorduk. \u015eimdi hem \u00fcretim yapaca\u011f\u0131z hem de gelece\u011fe g\u00fcvenle bakaca\u011f\u0131z. Besim Ba\u015fkan\u0131m\u0131za bize verdi\u011fi destek i\u00e7in te\u015fekk\u00fcr ediyorum&#8221; ifadelerini kulland\u0131.<br \/><\/p>\n","protected":false},"excerpt":{"rendered":"<p>Manisa B\u00fcy\u00fck\u015fehir Belediyesi, G\u00f6rdes\u2019in Malaz Mahallesi\u2019nde 35 bin metrek\u00fcp kapasiteli g\u00f6letle hem \u00fcreticiye sulama imkan\u0131 hem de orman yang\u0131nlar\u0131na kar\u015f\u0131 su g\u00fcvencesi sa\u011flad\u0131. G\u00f6letin, k\u0131\u015f aylar\u0131nda ya\u011fan ya\u011fmur ve kar sular\u0131n\u0131 da hasat ederek su k\u0131tl\u0131\u011f\u0131n\u0131n ya\u015fand\u0131\u011f\u0131 d\u00f6nemlerde \u00fcreticilere can suyu olaca\u011f\u0131 a\u00e7\u0131kland\u0131. Manisa B\u00fcy\u00fck\u015fehir Belediyesi, k\u0131rsal kalk\u0131nma yat\u0131r\u0131mlar\u0131 kapsam\u0131nda G\u00f6rdes il\u00e7esine ba\u011fl\u0131 Malaz Mahallesi\u2019nde&#8230;<\/p>\n","protected":false},"author":1,"featured_media":65836,"comment_status":"open","ping_status":"open","sticky":false,"template":"","format":"standard","meta":{"_crdt_document":"","footnotes":""},"categories":[125],"tags":[],"class_list":["post-65835","post","type-post","status-publish","format-standard","has-post-thumbnail","hentry","category-ekonomi"],"_links":{"self":[{"href":"https:\/\/www.egemtv.com\/index.php?rest_route=\/wp\/v2\/posts\/65835","targetHints":{"allow":["GET"]}}],"collection":[{"href":"https:\/\/www.egemtv.com\/index.php?rest_route=\/wp\/v2\/posts"}],"about":[{"href":"https:\/\/www.egemtv.com\/index.php?rest_route=\/wp\/v2\/types\/post"}],"author":[{"embeddable":true,"href":"https:\/\/www.egemtv.com\/index.php?rest_route=\/wp\/v2\/users\/1"}],"replies":[{"embeddable":true,"href":"https:\/\/www.egemtv.com\/index.php?rest_route=%2Fwp%2Fv2%2Fcomments&post=65835"}],"version-history":[{"count":1,"href":"https:\/\/www.egemtv.com\/index.php?rest_route=\/wp\/v2\/posts\/65835\/revisions"}],"predecessor-version":[{"id":65837,"href":"https:\/\/www.egemtv.com\/index.php?rest_route=\/wp\/v2\/posts\/65835\/revisions\/65837"}],"wp:featuredmedia":[{"embeddable":true,"href":"https:\/\/www.egemtv.com\/index.php?rest_route=\/wp\/v2\/media\/65836"}],"wp:attachment":[{"href":"https:\/\/www.egemtv.com\/index.php?rest_route=%2Fwp%2Fv2%2Fmedia&parent=65835"}],"wp:term":[{"taxonomy":"category","embeddable":true,"href":"https:\/\/www.egemtv.com\/index.php?rest_route=%2Fwp%2Fv2%2Fcategories&post=65835"},{"taxonomy":"post_tag","embeddable":true,"href":"https:\/\/www.egemtv.com\/index.php?rest_route=%2Fwp%2Fv2%2Ftags&post=65835"}],"curies":[{"name":"wp","href":"https:\/\/api.w.org\/{rel}","templated":true}]}}