{"id":65832,"date":"2025-11-05T07:34:32","date_gmt":"2025-11-05T04:34:32","guid":{"rendered":"https:\/\/www.egemtv.com\/?p=65832"},"modified":"2025-11-05T07:34:33","modified_gmt":"2025-11-05T04:34:33","slug":"manisada-zehir-tacirlerine-nefes-aldirilmadi","status":"publish","type":"post","link":"https:\/\/www.egemtv.com\/?p=65832","title":{"rendered":"Manisa\u2019da zehir tacirlerine nefes ald\u0131r\u0131lmad\u0131"},"content":{"rendered":"<p>Manisa\u2019da ekim ay\u0131nda d\u00fczenlenen uyu\u015fturucu operasyonlar\u0131nda 541 \u015f\u00fcpheli yakalan\u0131rken, 57\u2019sinin tutukland\u0131\u011f\u0131 a\u00e7\u0131kland\u0131. Zehir tacirlerine g\u00f6z a\u00e7t\u0131rmayan emniyet g\u00fc\u00e7leri \u00e7ok say\u0131da uyu\u015fturucu madde ele ge\u00e7irdi.<br \/>\n<br \/>Manisa \u0130l Emniyet M\u00fcd\u00fcrl\u00fc\u011f\u00fc Narkotik Su\u00e7larla M\u00fccadele \u015eube M\u00fcd\u00fcrl\u00fc\u011f\u00fc ekiplerince, Ekim ay\u0131 boyunca il genelinde y\u00fcr\u00fct\u00fclen operasyonlarda 463 olayda 541 \u015f\u00fcpheli yakaland\u0131, 57 ki\u015fi tutukland\u0131.<br \/>\n<br \/>Akhisar, Ala\u015fehir, Salihli, Soma ve Turgutlu Narkotik Su\u00e7larla M\u00fccadele B\u00fcro Amirliklerinin koordineli \u00e7al\u0131\u015fmalar\u0131 kapsam\u0131nda y\u00fcr\u00fct\u00fclen operasyonlarda, uyu\u015fturucu madde ticareti yapan, arac\u0131l\u0131k eden, nakleden ve kullanan \u015fah\u0131slar tek tek tespit edildi. Ekim ay\u0131nda ger\u00e7ekle\u015ftirilen \u00e7al\u0131\u015fmalar sonucu 122 aranan \u015fah\u0131s da yakaland\u0131.<br \/>\n<br \/>Operasyonlarda; 61 bin 367 sentetik ecza hap, 714 gram esrar, 408 gram sentetik kannabinoid (bonzai), 193 gram skank, 182 gram metamfetamin, 92 gram sentetik kannabinoid hammaddesi, 79 gram kokain, 5 ruhsats\u0131z tabanca, 84 fi\u015fek, 2 hassas terazi ve uyu\u015fturucu ticaretinden elde edildi\u011fi de\u011ferlendirilen 14 bin 650 TL paran\u0131n da ele ge\u00e7irildi\u011fi bildirildi.<br \/><\/p>\n","protected":false},"excerpt":{"rendered":"<p>Manisa\u2019da ekim ay\u0131nda d\u00fczenlenen uyu\u015fturucu operasyonlar\u0131nda 541 \u015f\u00fcpheli yakalan\u0131rken, 57\u2019sinin tutukland\u0131\u011f\u0131 a\u00e7\u0131kland\u0131. Zehir tacirlerine g\u00f6z a\u00e7t\u0131rmayan emniyet g\u00fc\u00e7leri \u00e7ok say\u0131da uyu\u015fturucu madde ele ge\u00e7irdi. Manisa \u0130l Emniyet M\u00fcd\u00fcrl\u00fc\u011f\u00fc Narkotik Su\u00e7larla M\u00fccadele \u015eube M\u00fcd\u00fcrl\u00fc\u011f\u00fc ekiplerince, Ekim ay\u0131 boyunca il genelinde y\u00fcr\u00fct\u00fclen operasyonlarda 463 olayda 541 \u015f\u00fcpheli yakaland\u0131, 57 ki\u015fi tutukland\u0131. Akhisar, Ala\u015fehir, Salihli, Soma ve Turgutlu&#8230;<\/p>\n","protected":false},"author":1,"featured_media":65833,"comment_status":"open","ping_status":"open","sticky":false,"template":"","format":"standard","meta":{"_crdt_document":"","footnotes":""},"categories":[5],"tags":[],"class_list":["post-65832","post","type-post","status-publish","format-standard","has-post-thumbnail","hentry","category-asayis"],"_links":{"self":[{"href":"https:\/\/www.egemtv.com\/index.php?rest_route=\/wp\/v2\/posts\/65832","targetHints":{"allow":["GET"]}}],"collection":[{"href":"https:\/\/www.egemtv.com\/index.php?rest_route=\/wp\/v2\/posts"}],"about":[{"href":"https:\/\/www.egemtv.com\/index.php?rest_route=\/wp\/v2\/types\/post"}],"author":[{"embeddable":true,"href":"https:\/\/www.egemtv.com\/index.php?rest_route=\/wp\/v2\/users\/1"}],"replies":[{"embeddable":true,"href":"https:\/\/www.egemtv.com\/index.php?rest_route=%2Fwp%2Fv2%2Fcomments&post=65832"}],"version-history":[{"count":1,"href":"https:\/\/www.egemtv.com\/index.php?rest_route=\/wp\/v2\/posts\/65832\/revisions"}],"predecessor-version":[{"id":65834,"href":"https:\/\/www.egemtv.com\/index.php?rest_route=\/wp\/v2\/posts\/65832\/revisions\/65834"}],"wp:featuredmedia":[{"embeddable":true,"href":"https:\/\/www.egemtv.com\/index.php?rest_route=\/wp\/v2\/media\/65833"}],"wp:attachment":[{"href":"https:\/\/www.egemtv.com\/index.php?rest_route=%2Fwp%2Fv2%2Fmedia&parent=65832"}],"wp:term":[{"taxonomy":"category","embeddable":true,"href":"https:\/\/www.egemtv.com\/index.php?rest_route=%2Fwp%2Fv2%2Fcategories&post=65832"},{"taxonomy":"post_tag","embeddable":true,"href":"https:\/\/www.egemtv.com\/index.php?rest_route=%2Fwp%2Fv2%2Ftags&post=65832"}],"curies":[{"name":"wp","href":"https:\/\/api.w.org\/{rel}","templated":true}]}}