{"id":65826,"date":"2025-11-05T07:14:36","date_gmt":"2025-11-05T04:14:36","guid":{"rendered":"https:\/\/www.egemtv.com\/?p=65826"},"modified":"2025-11-05T07:14:37","modified_gmt":"2025-11-05T04:14:37","slug":"kaymakamlardan-kaymakam-yidiza-hayirli-olsun-ziyareti","status":"publish","type":"post","link":"https:\/\/www.egemtv.com\/?p=65826","title":{"rendered":"Kaymakamlardan Kaymakam Y\u0131d\u0131z\u2019a \u2019hay\u0131rl\u0131 olsun\u2019 ziyareti"},"content":{"rendered":"<p>Manisa\u2019n\u0131n Turgutlu Kaymakam\u0131 Selami Kapankaya ile Salihli Kaymakam\u0131 Ali G\u00fcldo\u011fan, Selendi Kaymakam\u0131 M\u00fccahit Enes Y\u0131ld\u0131z\u2019a \u2019hay\u0131rl\u0131 olsun\u2019 ziyaretinde bulunarak g\u00f6revinde ba\u015far\u0131lar diledi.<br \/>\n<br \/>Manisa\u2019n\u0131n Turgutlu Kaymakam\u0131 Selami Kapankaya ile Salihli Kaymakam\u0131 Ali G\u00fcldo\u011fan \u0130\u00e7i\u015fleri Bakanl\u0131\u011f\u0131\u2019n\u0131n 16 Ekim 2025 tarihli karar\u0131yla Selendi il\u00e7esine atanarak g\u00f6revine ba\u015flayan Kaymakam M\u00fccahit Enes Y\u0131ld\u0131z\u2019 a hay\u0131rl\u0131 olsun ziyaretinde bulundu. Selendi Kaymakaml\u0131k makam\u0131nda ger\u00e7ekle\u015fen ziyarette Kaymakamlar Kapankaya ve G\u00fcldo\u011fan Kaymakam Y\u0131ld\u0131z\u2019a g\u00f6revinde ba\u015far\u0131lar diledi. Kaymakam Y\u0131ld\u0131z, ziyaretten duydu\u011fu memnuniyeti dile getirerek, meslekta\u015flar\u0131na te\u015fekk\u00fcr etti.<br \/><\/p>\n","protected":false},"excerpt":{"rendered":"<p>Manisa\u2019n\u0131n Turgutlu Kaymakam\u0131 Selami Kapankaya ile Salihli Kaymakam\u0131 Ali G\u00fcldo\u011fan, Selendi Kaymakam\u0131 M\u00fccahit Enes Y\u0131ld\u0131z\u2019a \u2019hay\u0131rl\u0131 olsun\u2019 ziyaretinde bulunarak g\u00f6revinde ba\u015far\u0131lar diledi. Manisa\u2019n\u0131n Turgutlu Kaymakam\u0131 Selami Kapankaya ile Salihli Kaymakam\u0131 Ali G\u00fcldo\u011fan \u0130\u00e7i\u015fleri Bakanl\u0131\u011f\u0131\u2019n\u0131n 16 Ekim 2025 tarihli karar\u0131yla Selendi il\u00e7esine atanarak g\u00f6revine ba\u015flayan Kaymakam M\u00fccahit Enes Y\u0131ld\u0131z\u2019 a hay\u0131rl\u0131 olsun ziyaretinde bulundu. Selendi Kaymakaml\u0131k&#8230;<\/p>\n","protected":false},"author":1,"featured_media":65827,"comment_status":"open","ping_status":"open","sticky":false,"template":"","format":"standard","meta":{"_crdt_document":"","footnotes":""},"categories":[123],"tags":[],"class_list":["post-65826","post","type-post","status-publish","format-standard","has-post-thumbnail","hentry","category-gundem"],"_links":{"self":[{"href":"https:\/\/www.egemtv.com\/index.php?rest_route=\/wp\/v2\/posts\/65826","targetHints":{"allow":["GET"]}}],"collection":[{"href":"https:\/\/www.egemtv.com\/index.php?rest_route=\/wp\/v2\/posts"}],"about":[{"href":"https:\/\/www.egemtv.com\/index.php?rest_route=\/wp\/v2\/types\/post"}],"author":[{"embeddable":true,"href":"https:\/\/www.egemtv.com\/index.php?rest_route=\/wp\/v2\/users\/1"}],"replies":[{"embeddable":true,"href":"https:\/\/www.egemtv.com\/index.php?rest_route=%2Fwp%2Fv2%2Fcomments&post=65826"}],"version-history":[{"count":1,"href":"https:\/\/www.egemtv.com\/index.php?rest_route=\/wp\/v2\/posts\/65826\/revisions"}],"predecessor-version":[{"id":65828,"href":"https:\/\/www.egemtv.com\/index.php?rest_route=\/wp\/v2\/posts\/65826\/revisions\/65828"}],"wp:featuredmedia":[{"embeddable":true,"href":"https:\/\/www.egemtv.com\/index.php?rest_route=\/wp\/v2\/media\/65827"}],"wp:attachment":[{"href":"https:\/\/www.egemtv.com\/index.php?rest_route=%2Fwp%2Fv2%2Fmedia&parent=65826"}],"wp:term":[{"taxonomy":"category","embeddable":true,"href":"https:\/\/www.egemtv.com\/index.php?rest_route=%2Fwp%2Fv2%2Fcategories&post=65826"},{"taxonomy":"post_tag","embeddable":true,"href":"https:\/\/www.egemtv.com\/index.php?rest_route=%2Fwp%2Fv2%2Ftags&post=65826"}],"curies":[{"name":"wp","href":"https:\/\/api.w.org\/{rel}","templated":true}]}}