{"id":65823,"date":"2025-11-05T07:14:34","date_gmt":"2025-11-05T04:14:34","guid":{"rendered":"https:\/\/www.egemtv.com\/?p=65823"},"modified":"2025-11-05T07:14:35","modified_gmt":"2025-11-05T04:14:35","slug":"yaya-onceligine-jandarma-denetimi","status":"publish","type":"post","link":"https:\/\/www.egemtv.com\/?p=65823","title":{"rendered":"Yaya \u00f6nceli\u011fine jandarma denetimi"},"content":{"rendered":"<p>Manisa\u2019da \u00f6\u011frencilerin g\u00fcvenli\u011fi i\u00e7in jandarma trafik ekipleri taraf\u0131ndan 34 okul \u00f6n\u00fcnde e\u015f zamanl\u0131 yaya ge\u00e7idi denetimi yap\u0131ld\u0131.<br \/>\n<br \/>Manisa \u0130l Jandarma Komutanl\u0131\u011f\u0131 Trafik \u015eube M\u00fcd\u00fcrl\u00fc\u011f\u00fc ekipleri, \u2019\u00d6ncelik hayat\u0131n, \u00f6ncelik yayan\u0131n\u2019 ilkesi kapsam\u0131nda il genelinde kapsaml\u0131 bir denetim ger\u00e7ekle\u015ftirdi. 04 Kas\u0131m 2025 tarihinde yap\u0131lan uygulamada, 34 ilk\u00f6\u011fretim okulu \u00f6n\u00fcnde g\u00f6rev alan jandarma ekipleri, yaya ve okul ge\u00e7itlerini kullanan \u00f6\u011frencilerin g\u00fcvenli\u011fi i\u00e7in s\u00fcr\u00fcc\u00fc ve yayalara uyar\u0131larda bulundu.<br \/>\n<br \/>Denetimlerde \u00f6\u011frencilere ve vatanda\u015flara, kar\u015f\u0131dan kar\u015f\u0131ya ge\u00e7erken mutlaka okul ve yaya ge\u00e7itlerinin kullan\u0131lmas\u0131 gerekti\u011fi hat\u0131rlat\u0131ld\u0131. S\u00fcr\u00fcc\u00fclere ise ge\u00e7itlere yakla\u015f\u0131rken h\u0131zlar\u0131n\u0131 azaltmalar\u0131 ve durarak yayalara \u00f6ncelik tan\u0131malar\u0131 konusunda bilgilendirme yap\u0131ld\u0131.<br \/>\n<br \/>Jandarma yetkilileri, &#8220;Karayolunun en savunmas\u0131z kullan\u0131c\u0131s\u0131 olan yayalar\u0131n g\u00fcvenli\u011fi i\u00e7in okul ve yaya ge\u00e7itlerindeki denetimlere aral\u0131ks\u0131z devam edece\u011fiz.&#8221; ifadelerini kulland\u0131.<br \/><\/p>\n","protected":false},"excerpt":{"rendered":"<p>Manisa\u2019da \u00f6\u011frencilerin g\u00fcvenli\u011fi i\u00e7in jandarma trafik ekipleri taraf\u0131ndan 34 okul \u00f6n\u00fcnde e\u015f zamanl\u0131 yaya ge\u00e7idi denetimi yap\u0131ld\u0131. Manisa \u0130l Jandarma Komutanl\u0131\u011f\u0131 Trafik \u015eube M\u00fcd\u00fcrl\u00fc\u011f\u00fc ekipleri, \u2019\u00d6ncelik hayat\u0131n, \u00f6ncelik yayan\u0131n\u2019 ilkesi kapsam\u0131nda il genelinde kapsaml\u0131 bir denetim ger\u00e7ekle\u015ftirdi. 04 Kas\u0131m 2025 tarihinde yap\u0131lan uygulamada, 34 ilk\u00f6\u011fretim okulu \u00f6n\u00fcnde g\u00f6rev alan jandarma ekipleri, yaya ve okul ge\u00e7itlerini&#8230;<\/p>\n","protected":false},"author":1,"featured_media":65824,"comment_status":"open","ping_status":"open","sticky":false,"template":"","format":"standard","meta":{"_crdt_document":"","footnotes":""},"categories":[5],"tags":[],"class_list":["post-65823","post","type-post","status-publish","format-standard","has-post-thumbnail","hentry","category-asayis"],"_links":{"self":[{"href":"https:\/\/www.egemtv.com\/index.php?rest_route=\/wp\/v2\/posts\/65823","targetHints":{"allow":["GET"]}}],"collection":[{"href":"https:\/\/www.egemtv.com\/index.php?rest_route=\/wp\/v2\/posts"}],"about":[{"href":"https:\/\/www.egemtv.com\/index.php?rest_route=\/wp\/v2\/types\/post"}],"author":[{"embeddable":true,"href":"https:\/\/www.egemtv.com\/index.php?rest_route=\/wp\/v2\/users\/1"}],"replies":[{"embeddable":true,"href":"https:\/\/www.egemtv.com\/index.php?rest_route=%2Fwp%2Fv2%2Fcomments&post=65823"}],"version-history":[{"count":1,"href":"https:\/\/www.egemtv.com\/index.php?rest_route=\/wp\/v2\/posts\/65823\/revisions"}],"predecessor-version":[{"id":65825,"href":"https:\/\/www.egemtv.com\/index.php?rest_route=\/wp\/v2\/posts\/65823\/revisions\/65825"}],"wp:featuredmedia":[{"embeddable":true,"href":"https:\/\/www.egemtv.com\/index.php?rest_route=\/wp\/v2\/media\/65824"}],"wp:attachment":[{"href":"https:\/\/www.egemtv.com\/index.php?rest_route=%2Fwp%2Fv2%2Fmedia&parent=65823"}],"wp:term":[{"taxonomy":"category","embeddable":true,"href":"https:\/\/www.egemtv.com\/index.php?rest_route=%2Fwp%2Fv2%2Fcategories&post=65823"},{"taxonomy":"post_tag","embeddable":true,"href":"https:\/\/www.egemtv.com\/index.php?rest_route=%2Fwp%2Fv2%2Ftags&post=65823"}],"curies":[{"name":"wp","href":"https:\/\/api.w.org\/{rel}","templated":true}]}}