{"id":65820,"date":"2025-11-05T00:14:36","date_gmt":"2025-11-04T21:14:36","guid":{"rendered":"https:\/\/www.egemtv.com\/?p=65820"},"modified":"2025-11-05T00:14:38","modified_gmt":"2025-11-04T21:14:38","slug":"polis-memuru-kalbine-yenik-dustu","status":"publish","type":"post","link":"https:\/\/www.egemtv.com\/?p=65820","title":{"rendered":"Polis memuru kalbine yenik d\u00fc\u015ft\u00fc"},"content":{"rendered":"<p>Mu\u011fla \u0130l Emniyet M\u00fcd\u00fcrl\u00fc\u011f\u00fc Trafik Tescil B\u00fcro Amirli\u011fi\u2019nde g\u00f6rev yapan polis memuru Deniz \u00c7ak\u0131c\u0131, kalp krizi sonucu hayat\u0131n\u0131 kaybetti.<br \/>\n<br \/>Mu\u011fla \u0130l Emniyet M\u00fcd\u00fcrl\u00fc\u011f\u00fc Trafik Tescil B\u00fcro Amirli\u011fi\u2019ne ba\u011fl\u0131, Mu\u011fla Valili\u011fi \u00f6n\u00fcnde g\u00f6rev yapan polis memuru Deniz \u00c7ak\u0131c\u0131, ge\u00e7irdi\u011fi kalp rahats\u0131zl\u0131\u011f\u0131 sonucunda Yata\u011fan Devlet Hastanesi\u2019ne kald\u0131r\u0131ld\u0131. Doktorlar\u0131n m\u00fcdahalesiyle duran kalbi yeniden \u00e7al\u0131\u015ft\u0131r\u0131lan \u00c7ak\u0131c\u0131, daha kapsaml\u0131 tedavisi i\u00e7in Mu\u011fla E\u011fitim ve Ara\u015ft\u0131rma Hastanesi\u2019ne sevk edildi. Ci\u011ferlerinde \u00f6dem olu\u015fmas\u0131 nedeniyle Mu\u011fla E\u011fitim ve Ara\u015ft\u0131rma Hastanesinde Kroner Yo\u011fun Bak\u0131m \u00fcnitesine yat\u0131r\u0131ld\u0131. Burada yap\u0131lan t\u00fcm m\u00fcdahaleye ra\u011fmen kurtar\u0131lamayarak vefat etti.<br \/>\n<br \/>Kalp krizi sonucu ya\u015fam\u0131n\u0131 yitiren polis memuru Deniz \u00c7ak\u0131r i\u00e7in bug\u00fcn (5 Kas\u0131m) saat 13.30\u2019da valilik \u00f6n\u00fcnde (Cumhuriyet Meydan\u0131) yap\u0131lacak t\u00f6ren sonras\u0131nda ikindi namaz\u0131na m\u00fcteakip Yata\u011fan Merkez camiinde k\u0131l\u0131nacak cenaze namaz\u0131 sonras\u0131nda Yata\u011fan \u015eehir mezarl\u0131\u011f\u0131na defnedilecek.<br \/><\/p>\n","protected":false},"excerpt":{"rendered":"<p>Mu\u011fla \u0130l Emniyet M\u00fcd\u00fcrl\u00fc\u011f\u00fc Trafik Tescil B\u00fcro Amirli\u011fi\u2019nde g\u00f6rev yapan polis memuru Deniz \u00c7ak\u0131c\u0131, kalp krizi sonucu hayat\u0131n\u0131 kaybetti. Mu\u011fla \u0130l Emniyet M\u00fcd\u00fcrl\u00fc\u011f\u00fc Trafik Tescil B\u00fcro Amirli\u011fi\u2019ne ba\u011fl\u0131, Mu\u011fla Valili\u011fi \u00f6n\u00fcnde g\u00f6rev yapan polis memuru Deniz \u00c7ak\u0131c\u0131, ge\u00e7irdi\u011fi kalp rahats\u0131zl\u0131\u011f\u0131 sonucunda Yata\u011fan Devlet Hastanesi\u2019ne kald\u0131r\u0131ld\u0131. Doktorlar\u0131n m\u00fcdahalesiyle duran kalbi yeniden \u00e7al\u0131\u015ft\u0131r\u0131lan \u00c7ak\u0131c\u0131, daha kapsaml\u0131 tedavisi&#8230;<\/p>\n","protected":false},"author":1,"featured_media":65821,"comment_status":"open","ping_status":"open","sticky":false,"template":"","format":"standard","meta":{"_crdt_document":"","footnotes":""},"categories":[5],"tags":[],"class_list":["post-65820","post","type-post","status-publish","format-standard","has-post-thumbnail","hentry","category-asayis"],"_links":{"self":[{"href":"https:\/\/www.egemtv.com\/index.php?rest_route=\/wp\/v2\/posts\/65820","targetHints":{"allow":["GET"]}}],"collection":[{"href":"https:\/\/www.egemtv.com\/index.php?rest_route=\/wp\/v2\/posts"}],"about":[{"href":"https:\/\/www.egemtv.com\/index.php?rest_route=\/wp\/v2\/types\/post"}],"author":[{"embeddable":true,"href":"https:\/\/www.egemtv.com\/index.php?rest_route=\/wp\/v2\/users\/1"}],"replies":[{"embeddable":true,"href":"https:\/\/www.egemtv.com\/index.php?rest_route=%2Fwp%2Fv2%2Fcomments&post=65820"}],"version-history":[{"count":1,"href":"https:\/\/www.egemtv.com\/index.php?rest_route=\/wp\/v2\/posts\/65820\/revisions"}],"predecessor-version":[{"id":65822,"href":"https:\/\/www.egemtv.com\/index.php?rest_route=\/wp\/v2\/posts\/65820\/revisions\/65822"}],"wp:featuredmedia":[{"embeddable":true,"href":"https:\/\/www.egemtv.com\/index.php?rest_route=\/wp\/v2\/media\/65821"}],"wp:attachment":[{"href":"https:\/\/www.egemtv.com\/index.php?rest_route=%2Fwp%2Fv2%2Fmedia&parent=65820"}],"wp:term":[{"taxonomy":"category","embeddable":true,"href":"https:\/\/www.egemtv.com\/index.php?rest_route=%2Fwp%2Fv2%2Fcategories&post=65820"},{"taxonomy":"post_tag","embeddable":true,"href":"https:\/\/www.egemtv.com\/index.php?rest_route=%2Fwp%2Fv2%2Ftags&post=65820"}],"curies":[{"name":"wp","href":"https:\/\/api.w.org\/{rel}","templated":true}]}}