{"id":65817,"date":"2025-11-04T22:14:38","date_gmt":"2025-11-04T19:14:38","guid":{"rendered":"https:\/\/www.egemtv.com\/?p=65817"},"modified":"2025-11-04T22:14:39","modified_gmt":"2025-11-04T19:14:39","slug":"ferdi-zeyrekin-olumune-iliskin-sorusturmada-10-supheli-icin-15-yila-kadar-hapis-talebi","status":"publish","type":"post","link":"https:\/\/www.egemtv.com\/?p=65817","title":{"rendered":"Ferdi Zeyrek\u2019in \u00f6l\u00fcm\u00fcne ili\u015fkin soru\u015fturmada 10 \u015f\u00fcpheli i\u00e7in 15 y\u0131la kadar hapis talebi"},"content":{"rendered":"<p>MAN\u0130SA (\u0130HA) \u2013 Eski Manisa B\u00fcy\u00fck\u015fehir Belediye Ba\u015fkan\u0131 Ferdi Zeyrek\u2019in elektrik ak\u0131m\u0131na kap\u0131larak hayat\u0131n\u0131 kaybetmesine ili\u015fkin soru\u015fturmada haz\u0131rlanan iddianamede, aralar\u0131nda site g\u00f6revlisi, m\u00fchendis ve m\u00fcteahhit firma yetkilisinin de bulundu\u011fu 10 \u015f\u00fcpheli hakk\u0131nda 2\u2019\u015fer y\u0131ldan 15\u2019er y\u0131la kadar hapis cezas\u0131 talep edildi.<br \/>\n<br \/>Manisa Cumhuriyet Ba\u015fsavc\u0131l\u0131\u011f\u0131 taraf\u0131ndan y\u00fcr\u00fct\u00fclen soru\u015fturma kapsam\u0131nda Ferdi Zeyrek\u2019in e\u015fi Nurcan Zeyrek ile k\u0131z\u0131 Nehir Zeyrek m\u00fc\u015fteki olarak yer ald\u0131. Soru\u015fturmada 19 ki\u015fi hakk\u0131nda i\u015flem yap\u0131l\u0131rken, Yunusemre Belediyesi\u2019nde g\u00f6revli M.S. ve \u00d6.T. hakk\u0131nda soru\u015fturma izni talep edildi. Toplanan deliller, bilirki\u015fi raporlar\u0131 ve ifadeler do\u011frultusunda asli ve tali kusurlu olduklar\u0131 belirlenen 10 ki\u015fi hakk\u0131nda iddianame haz\u0131rland\u0131. Manisa 5. A\u011f\u0131r Ceza Mahkemesi\u2019ne sunulan iddianamede, Ferdi Zeyrek\u2019in elektrik ak\u0131m\u0131na kap\u0131larak hayat\u0131n\u0131 kaybetti\u011fi, e\u015fi Nurcan Zeyrek\u2019in ise e\u015fini kurtarmaya \u00e7al\u0131\u015f\u0131rken yaraland\u0131\u011f\u0131 ifade edildi. \u0130ddianamede, tutuklu san\u0131klar aras\u0131nda havuzun elektrik ve motor tesisat\u0131n\u0131 yapan N.B. ile tamirat\u0131n\u0131 ger\u00e7ekle\u015ftiren H.\u0130. de yer ald\u0131. Tutuksuz san\u0131klar aras\u0131nda ise site g\u00f6revlisi A.E., havuz bak\u0131m ve makine dairesi sorunlar\u0131yla ilgilenen Y.\u00d6., bobinaj firmas\u0131 sahibi H.A., elektrik da\u011f\u0131t\u0131m firmas\u0131 g\u00f6revlisi M.E., yap\u0131 denetim firmas\u0131nda g\u00f6revli m\u00fchendisler R.A., H.\u015e. ve M.\u00c7. ile m\u00fcteahhit firma yetkilisi M.G. bulunuyor. \u0130ddianamede t\u00fcm \u015f\u00fcpheliler hakk\u0131nda &#8220;taksirle bir ki\u015finin \u00f6l\u00fcm\u00fcne ve bir ki\u015finin yaralanmas\u0131na neden olma&#8221; su\u00e7undan 2 y\u0131ldan 15 y\u0131la kadar hapis cezas\u0131 talep edildi. Soru\u015fturma kapsam\u0131nda 9 ki\u015fi hakk\u0131nda ise takipsizlik karar\u0131 verildi.<br \/><\/p>\n","protected":false},"excerpt":{"rendered":"<p>MAN\u0130SA (\u0130HA) \u2013 Eski Manisa B\u00fcy\u00fck\u015fehir Belediye Ba\u015fkan\u0131 Ferdi Zeyrek\u2019in elektrik ak\u0131m\u0131na kap\u0131larak hayat\u0131n\u0131 kaybetmesine ili\u015fkin soru\u015fturmada haz\u0131rlanan iddianamede, aralar\u0131nda site g\u00f6revlisi, m\u00fchendis ve m\u00fcteahhit firma yetkilisinin de bulundu\u011fu 10 \u015f\u00fcpheli hakk\u0131nda 2\u2019\u015fer y\u0131ldan 15\u2019er y\u0131la kadar hapis cezas\u0131 talep edildi. Manisa Cumhuriyet Ba\u015fsavc\u0131l\u0131\u011f\u0131 taraf\u0131ndan y\u00fcr\u00fct\u00fclen soru\u015fturma kapsam\u0131nda Ferdi Zeyrek\u2019in e\u015fi Nurcan Zeyrek ile k\u0131z\u0131&#8230;<\/p>\n","protected":false},"author":1,"featured_media":65818,"comment_status":"open","ping_status":"open","sticky":false,"template":"","format":"standard","meta":{"_crdt_document":"","footnotes":""},"categories":[5],"tags":[],"class_list":["post-65817","post","type-post","status-publish","format-standard","has-post-thumbnail","hentry","category-asayis"],"_links":{"self":[{"href":"https:\/\/www.egemtv.com\/index.php?rest_route=\/wp\/v2\/posts\/65817","targetHints":{"allow":["GET"]}}],"collection":[{"href":"https:\/\/www.egemtv.com\/index.php?rest_route=\/wp\/v2\/posts"}],"about":[{"href":"https:\/\/www.egemtv.com\/index.php?rest_route=\/wp\/v2\/types\/post"}],"author":[{"embeddable":true,"href":"https:\/\/www.egemtv.com\/index.php?rest_route=\/wp\/v2\/users\/1"}],"replies":[{"embeddable":true,"href":"https:\/\/www.egemtv.com\/index.php?rest_route=%2Fwp%2Fv2%2Fcomments&post=65817"}],"version-history":[{"count":1,"href":"https:\/\/www.egemtv.com\/index.php?rest_route=\/wp\/v2\/posts\/65817\/revisions"}],"predecessor-version":[{"id":65819,"href":"https:\/\/www.egemtv.com\/index.php?rest_route=\/wp\/v2\/posts\/65817\/revisions\/65819"}],"wp:featuredmedia":[{"embeddable":true,"href":"https:\/\/www.egemtv.com\/index.php?rest_route=\/wp\/v2\/media\/65818"}],"wp:attachment":[{"href":"https:\/\/www.egemtv.com\/index.php?rest_route=%2Fwp%2Fv2%2Fmedia&parent=65817"}],"wp:term":[{"taxonomy":"category","embeddable":true,"href":"https:\/\/www.egemtv.com\/index.php?rest_route=%2Fwp%2Fv2%2Fcategories&post=65817"},{"taxonomy":"post_tag","embeddable":true,"href":"https:\/\/www.egemtv.com\/index.php?rest_route=%2Fwp%2Fv2%2Ftags&post=65817"}],"curies":[{"name":"wp","href":"https:\/\/api.w.org\/{rel}","templated":true}]}}