{"id":65814,"date":"2025-11-04T21:54:50","date_gmt":"2025-11-04T18:54:50","guid":{"rendered":"https:\/\/www.egemtv.com\/?p=65814"},"modified":"2025-11-04T21:54:53","modified_gmt":"2025-11-04T18:54:53","slug":"aydinda-kacak-tutun-operasyonu-68-bin-makaron-ele-gecirildi","status":"publish","type":"post","link":"https:\/\/www.egemtv.com\/?p=65814","title":{"rendered":"Ayd\u0131n\u2019da ka\u00e7ak t\u00fct\u00fcn operasyonu: 68 bin makaron ele ge\u00e7irildi"},"content":{"rendered":"<p>Ayd\u0131n \u0130l Emniyet M\u00fcd\u00fcrl\u00fc\u011f\u00fc Ka\u00e7ak\u00e7\u0131l\u0131k ve Organize Su\u00e7larla M\u00fccadele (KOM) \u015eube M\u00fcd\u00fcrl\u00fc\u011f\u00fc ekipleri, ka\u00e7ak t\u00fct\u00fcn ticaretine y\u00f6nelik ger\u00e7ekle\u015ftirdi\u011fi operasyonda 47 bin 200\u2019\u00fc t\u00fct\u00fcn doldurulmu\u015f, 21 bin 600\u2019\u00fc de bo\u015f olmak \u00fczere toplamda 68 bin makaron ve 140 kilogram k\u0131y\u0131lm\u0131\u015f t\u00fct\u00fcn ele ge\u00e7irildi.<\/p>\n<p>Edinilen bilgiye g\u00f6re, KOM ekipleri ka\u00e7ak\u00e7\u0131l\u0131k faaliyetlerinin \u00f6nlenmesine y\u00f6nelik y\u00fcr\u00fctt\u00fckleri \u00e7al\u0131\u015fmalar kapsam\u0131nda Efeler il\u00e7esi Kemer Mahallesi 1679 Sokak \u00fczerinde bulunan bir adrese operasyon d\u00fczenledi. Adreste yap\u0131lan aramada 2 adet sigara sarma makinesi, 1 adet haval\u0131 kompres\u00f6r, 47 bin 200 adet t\u00fct\u00fcn doldurulmu\u015f, 21 bin 600 adet de bo\u015f olmak \u00fczere toplamda 68 bin 800 makaron ve 140 kilogram k\u0131y\u0131lm\u0131\u015f t\u00fct\u00fcn ele ge\u00e7irildi. Operasyon kapsam\u0131nda C.A. isimli \u015fah\u0131s hakk\u0131nda 5607 say\u0131l\u0131 Ka\u00e7ak\u00e7\u0131l\u0131kla M\u00fccadele Kanunu kapsam\u0131nda yasal i\u015flem yap\u0131ld\u0131.<br \/><\/p>\n","protected":false},"excerpt":{"rendered":"<p>Ayd\u0131n \u0130l Emniyet M\u00fcd\u00fcrl\u00fc\u011f\u00fc Ka\u00e7ak\u00e7\u0131l\u0131k ve Organize Su\u00e7larla M\u00fccadele (KOM) \u015eube M\u00fcd\u00fcrl\u00fc\u011f\u00fc ekipleri, ka\u00e7ak t\u00fct\u00fcn ticaretine y\u00f6nelik ger\u00e7ekle\u015ftirdi\u011fi operasyonda 47 bin 200\u2019\u00fc t\u00fct\u00fcn doldurulmu\u015f, 21 bin 600\u2019\u00fc de bo\u015f olmak \u00fczere toplamda 68 bin makaron ve 140 kilogram k\u0131y\u0131lm\u0131\u015f t\u00fct\u00fcn ele ge\u00e7irildi. Edinilen bilgiye g\u00f6re, KOM ekipleri ka\u00e7ak\u00e7\u0131l\u0131k faaliyetlerinin \u00f6nlenmesine y\u00f6nelik y\u00fcr\u00fctt\u00fckleri \u00e7al\u0131\u015fmalar kapsam\u0131nda Efeler&#8230;<\/p>\n","protected":false},"author":1,"featured_media":65815,"comment_status":"open","ping_status":"open","sticky":false,"template":"","format":"standard","meta":{"_crdt_document":"","footnotes":""},"categories":[5],"tags":[],"class_list":["post-65814","post","type-post","status-publish","format-standard","has-post-thumbnail","hentry","category-asayis"],"_links":{"self":[{"href":"https:\/\/www.egemtv.com\/index.php?rest_route=\/wp\/v2\/posts\/65814","targetHints":{"allow":["GET"]}}],"collection":[{"href":"https:\/\/www.egemtv.com\/index.php?rest_route=\/wp\/v2\/posts"}],"about":[{"href":"https:\/\/www.egemtv.com\/index.php?rest_route=\/wp\/v2\/types\/post"}],"author":[{"embeddable":true,"href":"https:\/\/www.egemtv.com\/index.php?rest_route=\/wp\/v2\/users\/1"}],"replies":[{"embeddable":true,"href":"https:\/\/www.egemtv.com\/index.php?rest_route=%2Fwp%2Fv2%2Fcomments&post=65814"}],"version-history":[{"count":1,"href":"https:\/\/www.egemtv.com\/index.php?rest_route=\/wp\/v2\/posts\/65814\/revisions"}],"predecessor-version":[{"id":65816,"href":"https:\/\/www.egemtv.com\/index.php?rest_route=\/wp\/v2\/posts\/65814\/revisions\/65816"}],"wp:featuredmedia":[{"embeddable":true,"href":"https:\/\/www.egemtv.com\/index.php?rest_route=\/wp\/v2\/media\/65815"}],"wp:attachment":[{"href":"https:\/\/www.egemtv.com\/index.php?rest_route=%2Fwp%2Fv2%2Fmedia&parent=65814"}],"wp:term":[{"taxonomy":"category","embeddable":true,"href":"https:\/\/www.egemtv.com\/index.php?rest_route=%2Fwp%2Fv2%2Fcategories&post=65814"},{"taxonomy":"post_tag","embeddable":true,"href":"https:\/\/www.egemtv.com\/index.php?rest_route=%2Fwp%2Fv2%2Ftags&post=65814"}],"curies":[{"name":"wp","href":"https:\/\/api.w.org\/{rel}","templated":true}]}}