{"id":65808,"date":"2025-11-04T21:54:42","date_gmt":"2025-11-04T18:54:42","guid":{"rendered":"https:\/\/www.egemtv.com\/?p=65808"},"modified":"2025-11-04T21:54:45","modified_gmt":"2025-11-04T18:54:45","slug":"usak-universitesinde-akademik-yukselme-ve-cubbe-giyme-toreni-gerceklesti","status":"publish","type":"post","link":"https:\/\/www.egemtv.com\/?p=65808","title":{"rendered":"U\u015fak \u00dcniversitesi\u2019nde Akademik Y\u00fckselme ve C\u00fcbbe Giyme T\u00f6reni ger\u00e7ekle\u015fti"},"content":{"rendered":"<p>U\u015fak \u00dcniversitesi 2025-2026 Akademik Y\u00fckselme ve C\u00fcbbe Giyme T\u00f6reni, 4 Kas\u0131m 2025 tarihinde Recep Tayyip Erdo\u011fan Kongre ve K\u00fclt\u00fcr Merkezinde ger\u00e7ekle\u015ftirildi. T\u00f6rene U\u015fak \u00dcniversitesi Rekt\u00f6r\u00fc Prof. Dr. Ekrem Sava\u015f, Rekt\u00f6r Yard\u0131mc\u0131lar\u0131 Prof. Dr. Kenan Ta\u015f, Prof. Dr. L\u00fctfi \u00d6zav ve Prof. Dr. Osman Birgin, Genel Sekreter B\u00fclent \u015eahin, fak\u00fclte dekanlar\u0131, enstit\u00fc ve y\u00fcksekokul m\u00fcd\u00fcrleri, akademik ve idari personel kat\u0131ld\u0131.<br \/>\n<br \/>T\u00f6ren, sayg\u0131 duru\u015fu ve \u0130stiklal Mar\u015f\u0131\u2019n\u0131n okunmas\u0131n\u0131n ard\u0131ndan Rekt\u00f6r Prof. Dr. Ekrem Sava\u015f\u2019\u0131n konu\u015fmas\u0131yla ba\u015flad\u0131. Prof. Dr. Sava\u015f, akademik y\u00fckselmenin yaln\u0131zca bir unvan de\u011fi\u015fikli\u011fi de\u011fil, y\u0131llar\u0131n eme\u011fini, azmini ve kararl\u0131l\u0131\u011f\u0131n\u0131 temsil etti\u011fini belirterek, &#8220;Bug\u00fcn c\u00fcbbelerini giyen her bir hocam\u0131z, bilimin \u0131\u015f\u0131\u011f\u0131n\u0131 hem \u00f6\u011frencilerine hem de topluma ta\u015f\u0131maktad\u0131r. Hepiniz U\u015fak \u00dcniversitesinin bilgi \u00fcreten, sorgulayan ve gelece\u011fe y\u00f6n veren vizyonunun birer temsilcilerisiniz.&#8221; dedi.<br \/>\n<br \/>Rekt\u00f6r Sava\u015f, 2018 y\u0131l\u0131ndan bu yana U\u015fak \u00dcniversitesinin &#8220;Akl\u0131n ve bilimin \u0131\u015f\u0131\u011f\u0131nda yeni nesil \u00fcniversite&#8221; vizyonuyla \u00f6nemli mesafeler kat etti\u011fini vurgulad\u0131. Akademik kadrodaki art\u0131\u015f\u0131 da payla\u015fan Prof. Dr. Sava\u015f, &#8220;2017\u2019de 691 olan akademik personel say\u0131m\u0131z\u0131 2025\u2019te 915\u2019e ula\u015ft\u0131rd\u0131k. Sadece say\u0131sal de\u011fil, niteliksel olarak da b\u00fcy\u00fcd\u00fck. \u00d6\u011fretim eleman\u0131 ba\u015f\u0131na d\u00fc\u015fen \u00f6\u011frenci say\u0131m\u0131z\u0131 45\u2019ten 26\u2019ya d\u00fc\u015f\u00fcrerek daha etkile\u015fimli, daha kaliteli bir e\u011fitim ortam\u0131 sa\u011flad\u0131k.&#8221; ifadelerini kulland\u0131.<br \/>\n<br \/>U\u015fak \u00dcniversitesinin, ara\u015ft\u0131rma ve yay\u0131n performans\u0131n\u0131 her y\u0131l art\u0131rd\u0131\u011f\u0131n\u0131 belirten Rekt\u00f6r Sava\u015f, \u00fcniversitenin be\u015finci kez Times Higher Education (THE) D\u00fcnya \u00dcniversite S\u0131ralamalar\u0131 listesinde yer ald\u0131\u011f\u0131n\u0131, URAP T\u00fcrkiye S\u0131ralamas\u0131nda 8 basamak birden y\u00fckselerek 98. s\u0131raya, QS Avrupa S\u0131ralamas\u0131nda ise 72 T\u00fcrk \u00fcniversitesi aras\u0131nda yer ald\u0131\u011f\u0131n\u0131 kaydetti.<br \/>\n<br \/>U\u015fak \u00dcniversitesi akademisyenlerinin uluslararas\u0131 arenada da dikkat \u00e7ekici ba\u015far\u0131lar elde etti\u011fini belirten Sava\u015f, Stanford \u00dcniversitesi verilerine g\u00f6re haz\u0131rlanan \u2018D\u00fcnyan\u0131n En Etkili Bilim \u0130nsanlar\u0131 Listesinde\u2019 her y\u0131l oldu\u011fu gibi bu y\u0131l da 5 akademisyenin (kendisi de dahil) yer ald\u0131\u011f\u0131n\u0131 hat\u0131rlatt\u0131.<br \/>\n<br \/>U\u015fak \u00dcniversitesinin uluslararas\u0131 a\u011flar\u0131n\u0131 g\u00fc\u00e7lendirmek i\u00e7in yo\u011fun \u00e7aba g\u00f6sterdiklerini dile getiren Rekt\u00f6r Sava\u015f, &#8220;2018\u2019de 10 olan ikili i\u015f birli\u011fi say\u0131m\u0131z\u0131 92\u2019ye, Erasmus anla\u015fmalar\u0131m\u0131z\u0131 67\u2019den 402\u2019ye \u00e7\u0131kard\u0131k. 2018\u2019de 10 olan gelen \u00f6\u011frenci say\u0131m\u0131z bug\u00fcn 85\u2019e y\u00fckselirken, giden \u00f6\u011frenci say\u0131m\u0131z 500\u2019e ula\u015ft\u0131. Her akademisyenimizin ve \u00f6\u011frencimizin uluslararas\u0131 deneyim kazanmas\u0131 i\u00e7in \u00e7al\u0131\u015fmalar\u0131m\u0131za kararl\u0131l\u0131kla devam ediyoruz.&#8221; dedi.<br \/>\n<br \/>B\u00f6lgesel Kalk\u0131nma Odakl\u0131 bir \u00fcniversite olan U\u015fak \u00dcniversitesi\u2019nin Deri, Tekstil ve Seramik (DTS) Tasar\u0131m Uygulama ve Ara\u015ft\u0131rma Merkezini kurarak yerli ve milli tasar\u0131mlarla uluslararas\u0131 ba\u015far\u0131lara imza att\u0131\u011f\u0131na da dikkat \u00e7eken Prof. Dr. Sava\u015f, &#8220;\u00dcniversite-sanayi i\u015f birliklerini g\u00fc\u00e7lendirmek, b\u00f6lge ekonomisine katma de\u011fer sa\u011flamak amac\u0131yla kurdu\u011fumuz DTS Tasar\u0131m Merkezimiz, bug\u00fcn geldi\u011fi noktada hem ulusal hem de uluslararas\u0131 d\u00fczeyde \u00f6rnek bir model haline gelmi\u015ftir. \u00dcretimden tasar\u0131ma, markala\u015fmadan ihracata kadar bir\u00e7ok alanda sanayicimize destek veriyoruz. Bu \u00e7al\u0131\u015fmalar\u0131m\u0131z, hem b\u00f6lgesel kalk\u0131nma hedeflerimize hem de T\u00fcrkiye Y\u00fczy\u0131l\u0131 vizyonuna do\u011frudan katk\u0131 sa\u011flamaktad\u0131r.&#8221; dedi.<br \/>\n<br \/>Kalite s\u00fcre\u00e7lerine de de\u011finen Prof. Dr. Sava\u015f, U\u015fak \u00dcniversitesinin Y\u00fcksek\u00f6\u011fretim Kalite Kurulu (Y\u00d6KAK) taraf\u0131ndan 5 y\u0131ll\u0131k tam akreditasyon ald\u0131\u011f\u0131n\u0131 belirterek, &#8220;Bug\u00fcn itibar\u0131yla 25 program\u0131m\u0131z \u00e7e\u015fitli kurulu\u015flardan akredite edildi, 19 program\u0131m\u0131z\u0131n s\u00fcreci devam ediyor. Kalite yolculu\u011fumuzun yeni ba\u015far\u0131lar\u0131 da beraberinde getirece\u011fine y\u00fcrekten inan\u0131yorum.&#8221; dedi.<br \/>\n<br \/>Rekt\u00f6r Sava\u015f konu\u015fmas\u0131nda &#8220;Bilimsel ba\u015far\u0131 yaln\u0131zca bireysel \u00e7aban\u0131n de\u011fil, ekip ruhunun, dayan\u0131\u015fman\u0131n ve kurumsal k\u00fclt\u00fcr\u00fcn \u00fcr\u00fcn\u00fcd\u00fcr. Unvanlar, hedefe ula\u015fman\u0131n sonu de\u011fil; yeni ba\u015flang\u0131\u00e7lar\u0131n habercisidir. \u00c7\u00fcnk\u00fc biz biliyoruz ki, bilim unvan i\u00e7in de\u011fil, insanl\u0131k i\u00e7in yap\u0131l\u0131r\u2019\u2019 ifadelerini kulland\u0131.<br \/>\n<br \/>Rekt\u00f6r Prof. Dr. Ekrem Sava\u015f konu\u015fmas\u0131n\u0131, &#8220;Cumhuriyetimizin ikinci y\u00fczy\u0131l\u0131nda U\u015fak \u00dcniversitesinin bilimde, sanatta ve teknolojide daha b\u00fcy\u00fck ba\u015far\u0131lara imza ataca\u011f\u0131na y\u00fcrekten inan\u0131yorum. Bu duygu ve d\u00fc\u015f\u00fcncelerle akademik y\u00fckselme g\u00f6steren t\u00fcm akademisyenlerimizi bir kez daha kutluyor, ba\u015far\u0131lar\u0131n\u0131n devam\u0131n\u0131 diliyorum.&#8221; s\u00f6zleriyle tamamlad\u0131.<br \/>\n<br \/>Konu\u015fman\u0131n ard\u0131ndan, akademik unvan\u0131 y\u00fckselen 18 profes\u00f6re, 35 do\u00e7ente ve 53 doktor \u00f6\u011fretim \u00fcyesine c\u00fcbbeleri giydirilerek beratlar\u0131 takdim edildi.<br \/>\n<br \/>T\u00f6ren, g\u00fcn\u00fcn an\u0131s\u0131na toplu foto\u011fraf \u00e7ekimiyle sona erdi.<br \/><\/p>\n","protected":false},"excerpt":{"rendered":"<p>U\u015fak \u00dcniversitesi 2025-2026 Akademik Y\u00fckselme ve C\u00fcbbe Giyme T\u00f6reni, 4 Kas\u0131m 2025 tarihinde Recep Tayyip Erdo\u011fan Kongre ve K\u00fclt\u00fcr Merkezinde ger\u00e7ekle\u015ftirildi. T\u00f6rene U\u015fak \u00dcniversitesi Rekt\u00f6r\u00fc Prof. Dr. Ekrem Sava\u015f, Rekt\u00f6r Yard\u0131mc\u0131lar\u0131 Prof. Dr. Kenan Ta\u015f, Prof. Dr. L\u00fctfi \u00d6zav ve Prof. Dr. Osman Birgin, Genel Sekreter B\u00fclent \u015eahin, fak\u00fclte dekanlar\u0131, enstit\u00fc ve y\u00fcksekokul m\u00fcd\u00fcrleri, akademik&#8230;<\/p>\n","protected":false},"author":1,"featured_media":65809,"comment_status":"open","ping_status":"open","sticky":false,"template":"","format":"standard","meta":{"_crdt_document":"","footnotes":""},"categories":[1],"tags":[],"class_list":["post-65808","post","type-post","status-publish","format-standard","has-post-thumbnail","hentry","category-guncel"],"_links":{"self":[{"href":"https:\/\/www.egemtv.com\/index.php?rest_route=\/wp\/v2\/posts\/65808","targetHints":{"allow":["GET"]}}],"collection":[{"href":"https:\/\/www.egemtv.com\/index.php?rest_route=\/wp\/v2\/posts"}],"about":[{"href":"https:\/\/www.egemtv.com\/index.php?rest_route=\/wp\/v2\/types\/post"}],"author":[{"embeddable":true,"href":"https:\/\/www.egemtv.com\/index.php?rest_route=\/wp\/v2\/users\/1"}],"replies":[{"embeddable":true,"href":"https:\/\/www.egemtv.com\/index.php?rest_route=%2Fwp%2Fv2%2Fcomments&post=65808"}],"version-history":[{"count":1,"href":"https:\/\/www.egemtv.com\/index.php?rest_route=\/wp\/v2\/posts\/65808\/revisions"}],"predecessor-version":[{"id":65810,"href":"https:\/\/www.egemtv.com\/index.php?rest_route=\/wp\/v2\/posts\/65808\/revisions\/65810"}],"wp:featuredmedia":[{"embeddable":true,"href":"https:\/\/www.egemtv.com\/index.php?rest_route=\/wp\/v2\/media\/65809"}],"wp:attachment":[{"href":"https:\/\/www.egemtv.com\/index.php?rest_route=%2Fwp%2Fv2%2Fmedia&parent=65808"}],"wp:term":[{"taxonomy":"category","embeddable":true,"href":"https:\/\/www.egemtv.com\/index.php?rest_route=%2Fwp%2Fv2%2Fcategories&post=65808"},{"taxonomy":"post_tag","embeddable":true,"href":"https:\/\/www.egemtv.com\/index.php?rest_route=%2Fwp%2Fv2%2Ftags&post=65808"}],"curies":[{"name":"wp","href":"https:\/\/api.w.org\/{rel}","templated":true}]}}