{"id":65802,"date":"2025-11-04T20:14:31","date_gmt":"2025-11-04T17:14:31","guid":{"rendered":"https:\/\/www.egemtv.com\/?p=65802"},"modified":"2025-11-04T20:14:32","modified_gmt":"2025-11-04T17:14:32","slug":"milas-yatagan-karayolunda-kaza-1-olu","status":"publish","type":"post","link":"https:\/\/www.egemtv.com\/?p=65802","title":{"rendered":"Milas-Yata\u011fan karayolunda kaza: 1 \u00f6l\u00fc"},"content":{"rendered":"<p>Milas-Yata\u011fan karayolunda s\u00fct toplama arac\u0131n\u0131n mermer y\u00fckl\u00fc TIR\u2019\u0131 arkadan \u00e7arpmas\u0131 sonras\u0131 meydana gelen kazada bir ki\u015fi ya\u015fam\u0131n\u0131 yitirdi.<br \/>\n<br \/>Edinilen bilgiye g\u00f6re O.K. y\u00f6netimindeki 48 ACU 437 plakal\u0131 s\u00fct toplama arac\u0131 Yata\u011fan Eskihisar Mahallesi mevkisinde Milas istikametinden Yata\u011fan\u2019a seyir halinde iken \u00f6n\u00fcnde seyreden 09 AEF 042 plakal\u0131 mermer y\u00fckl\u00fc TIR\u2019\u0131 arkadan \u00e7arpt\u0131.<br \/>\n<br \/>112 Acil \u00c7a\u011fr\u0131 Merkezine bilgi verilmesi sonras\u0131 olay yerine jandarma, trafik, 112 ambulans ve itfaiye ekipleri sek edildi. Kazada 48 ACU 437 plakal\u0131 ara\u00e7 s\u00fcr\u00fcc\u00fcs\u00fc O.K. ara\u00e7 i\u00e7inde s\u0131k\u0131\u015ft\u0131. \u0130tfaiye ekiplerinin m\u00fcdahalesi ile ara\u00e7 i\u00e7inde \u00e7\u0131kar\u0131lan O.K.\u2019nin ya\u015fam\u0131n\u0131 yitirdi\u011fi ortaya \u00e7\u0131kt\u0131.<br \/>\n<br \/>Kaza sonras\u0131 Milas-Yata\u011fan karayolu ge\u00e7ici s\u00fcre trafik ula\u015f\u0131m\u0131na kapand\u0131. Kaza ilgili soru\u015fturma ba\u015flat\u0131ld\u0131.<br \/><\/p>\n","protected":false},"excerpt":{"rendered":"<p>Milas-Yata\u011fan karayolunda s\u00fct toplama arac\u0131n\u0131n mermer y\u00fckl\u00fc TIR\u2019\u0131 arkadan \u00e7arpmas\u0131 sonras\u0131 meydana gelen kazada bir ki\u015fi ya\u015fam\u0131n\u0131 yitirdi. Edinilen bilgiye g\u00f6re O.K. y\u00f6netimindeki 48 ACU 437 plakal\u0131 s\u00fct toplama arac\u0131 Yata\u011fan Eskihisar Mahallesi mevkisinde Milas istikametinden Yata\u011fan\u2019a seyir halinde iken \u00f6n\u00fcnde seyreden 09 AEF 042 plakal\u0131 mermer y\u00fckl\u00fc TIR\u2019\u0131 arkadan \u00e7arpt\u0131. 112 Acil \u00c7a\u011fr\u0131 Merkezine&#8230;<\/p>\n","protected":false},"author":1,"featured_media":65803,"comment_status":"open","ping_status":"open","sticky":false,"template":"","format":"standard","meta":{"_crdt_document":"","footnotes":""},"categories":[5],"tags":[],"class_list":["post-65802","post","type-post","status-publish","format-standard","has-post-thumbnail","hentry","category-asayis"],"_links":{"self":[{"href":"https:\/\/www.egemtv.com\/index.php?rest_route=\/wp\/v2\/posts\/65802","targetHints":{"allow":["GET"]}}],"collection":[{"href":"https:\/\/www.egemtv.com\/index.php?rest_route=\/wp\/v2\/posts"}],"about":[{"href":"https:\/\/www.egemtv.com\/index.php?rest_route=\/wp\/v2\/types\/post"}],"author":[{"embeddable":true,"href":"https:\/\/www.egemtv.com\/index.php?rest_route=\/wp\/v2\/users\/1"}],"replies":[{"embeddable":true,"href":"https:\/\/www.egemtv.com\/index.php?rest_route=%2Fwp%2Fv2%2Fcomments&post=65802"}],"version-history":[{"count":1,"href":"https:\/\/www.egemtv.com\/index.php?rest_route=\/wp\/v2\/posts\/65802\/revisions"}],"predecessor-version":[{"id":65804,"href":"https:\/\/www.egemtv.com\/index.php?rest_route=\/wp\/v2\/posts\/65802\/revisions\/65804"}],"wp:featuredmedia":[{"embeddable":true,"href":"https:\/\/www.egemtv.com\/index.php?rest_route=\/wp\/v2\/media\/65803"}],"wp:attachment":[{"href":"https:\/\/www.egemtv.com\/index.php?rest_route=%2Fwp%2Fv2%2Fmedia&parent=65802"}],"wp:term":[{"taxonomy":"category","embeddable":true,"href":"https:\/\/www.egemtv.com\/index.php?rest_route=%2Fwp%2Fv2%2Fcategories&post=65802"},{"taxonomy":"post_tag","embeddable":true,"href":"https:\/\/www.egemtv.com\/index.php?rest_route=%2Fwp%2Fv2%2Ftags&post=65802"}],"curies":[{"name":"wp","href":"https:\/\/api.w.org\/{rel}","templated":true}]}}