{"id":65799,"date":"2025-11-04T19:56:20","date_gmt":"2025-11-04T16:56:20","guid":{"rendered":"https:\/\/www.egemtv.com\/?p=65799"},"modified":"2025-11-04T19:56:21","modified_gmt":"2025-11-04T16:56:21","slug":"sali-pazarinda-yakalandi-cezaevinin-yolunu-tuttu","status":"publish","type":"post","link":"https:\/\/www.egemtv.com\/?p=65799","title":{"rendered":"Sal\u0131 pazar\u0131nda yakaland\u0131, cezaevinin yolunu tuttu"},"content":{"rendered":"<p>Ayd\u0131n\u2019\u0131n Efeler il\u00e7esinde Sal\u0131 pazar\u0131 i\u00e7erisinde yakalanan ve hakk\u0131nda 12 y\u0131l 5 ay kesinle\u015fmi\u015f hapis cezas\u0131 bulunan \u015fah\u0131s tutuklanarak cezaevine g\u00f6nderildi.<\/p>\n<p>Edinilen bilgiye g\u00f6re, Nazilli 6. Asliye Ceza Mahkemesi taraf\u0131ndan 6 ayr\u0131 dosya ile h\u0131rs\u0131zl\u0131k su\u00e7undan hakk\u0131nda toplam 12 y\u0131l 5 ay kesinle\u015fmi\u015f hapis cezas\u0131yla aranan C.\u00d6. isimli \u015fahs\u0131 yakalamak i\u00e7in \u00e7al\u0131\u015fma ba\u015flat\u0131ld\u0131. Su\u00e7 \u00d6nleme ve Soru\u015fturma B\u00fcro Amirli\u011fine ba\u011fl\u0131 ve Asayi\u015f \u015eube M\u00fcd\u00fcrl\u00fc\u011f\u00fcne ba\u011fl\u0131 ekiplerin m\u00fc\u015fterek \u00e7al\u0131\u015fmas\u0131 sonucu Sal\u0131 pazar\u0131 i\u00e7erisinde yakalanan \u015fah\u0131s, adliyedeki i\u015flemlerinin ard\u0131ndan tutuklanarak Cezaevine teslim edildi.<br \/><\/p>\n","protected":false},"excerpt":{"rendered":"<p>Ayd\u0131n\u2019\u0131n Efeler il\u00e7esinde Sal\u0131 pazar\u0131 i\u00e7erisinde yakalanan ve hakk\u0131nda 12 y\u0131l 5 ay kesinle\u015fmi\u015f hapis cezas\u0131 bulunan \u015fah\u0131s tutuklanarak cezaevine g\u00f6nderildi. Edinilen bilgiye g\u00f6re, Nazilli 6. Asliye Ceza Mahkemesi taraf\u0131ndan 6 ayr\u0131 dosya ile h\u0131rs\u0131zl\u0131k su\u00e7undan hakk\u0131nda toplam 12 y\u0131l 5 ay kesinle\u015fmi\u015f hapis cezas\u0131yla aranan C.\u00d6. isimli \u015fahs\u0131 yakalamak i\u00e7in \u00e7al\u0131\u015fma ba\u015flat\u0131ld\u0131. Su\u00e7 \u00d6nleme&#8230;<\/p>\n","protected":false},"author":1,"featured_media":65800,"comment_status":"open","ping_status":"open","sticky":false,"template":"","format":"standard","meta":{"_crdt_document":"","footnotes":""},"categories":[5],"tags":[],"class_list":["post-65799","post","type-post","status-publish","format-standard","has-post-thumbnail","hentry","category-asayis"],"_links":{"self":[{"href":"https:\/\/www.egemtv.com\/index.php?rest_route=\/wp\/v2\/posts\/65799","targetHints":{"allow":["GET"]}}],"collection":[{"href":"https:\/\/www.egemtv.com\/index.php?rest_route=\/wp\/v2\/posts"}],"about":[{"href":"https:\/\/www.egemtv.com\/index.php?rest_route=\/wp\/v2\/types\/post"}],"author":[{"embeddable":true,"href":"https:\/\/www.egemtv.com\/index.php?rest_route=\/wp\/v2\/users\/1"}],"replies":[{"embeddable":true,"href":"https:\/\/www.egemtv.com\/index.php?rest_route=%2Fwp%2Fv2%2Fcomments&post=65799"}],"version-history":[{"count":1,"href":"https:\/\/www.egemtv.com\/index.php?rest_route=\/wp\/v2\/posts\/65799\/revisions"}],"predecessor-version":[{"id":65801,"href":"https:\/\/www.egemtv.com\/index.php?rest_route=\/wp\/v2\/posts\/65799\/revisions\/65801"}],"wp:featuredmedia":[{"embeddable":true,"href":"https:\/\/www.egemtv.com\/index.php?rest_route=\/wp\/v2\/media\/65800"}],"wp:attachment":[{"href":"https:\/\/www.egemtv.com\/index.php?rest_route=%2Fwp%2Fv2%2Fmedia&parent=65799"}],"wp:term":[{"taxonomy":"category","embeddable":true,"href":"https:\/\/www.egemtv.com\/index.php?rest_route=%2Fwp%2Fv2%2Fcategories&post=65799"},{"taxonomy":"post_tag","embeddable":true,"href":"https:\/\/www.egemtv.com\/index.php?rest_route=%2Fwp%2Fv2%2Ftags&post=65799"}],"curies":[{"name":"wp","href":"https:\/\/api.w.org\/{rel}","templated":true}]}}