{"id":65796,"date":"2025-11-04T18:35:00","date_gmt":"2025-11-04T15:35:00","guid":{"rendered":"https:\/\/www.egemtv.com\/?p=65796"},"modified":"2025-11-04T18:35:01","modified_gmt":"2025-11-04T15:35:01","slug":"alasehirde-sentetik-ecza-operasyonu-1-kisi-tutuklandi","status":"publish","type":"post","link":"https:\/\/www.egemtv.com\/?p=65796","title":{"rendered":"Ala\u015fehir\u2019de sentetik ecza operasyonu: 1 ki\u015fi tutukland\u0131"},"content":{"rendered":"<p>Manisa\u2019n\u0131n Ala\u015fehir il\u00e7esinde d\u00fczenlenen uyu\u015fturucu operasyonunda 1 ki\u015fi tutukland\u0131.<br \/>\n<br \/>Ala\u015fehir Narkotik Su\u00e7larla M\u00fccadele B\u00fcro Amirli\u011fi ekiplerince Be\u015feyl\u00fcl Mahallesi\u2019nde ger\u00e7ekle\u015ftirilen operasyonda, M.T. (26) isimli \u015f\u00fcphelinin \u00fczerinde ve ikametinde yap\u0131lan aramada 81 adet sentetik ecza hap\u0131 ile 36,41 gram esrar ele ge\u00e7irildi.<br \/>\n<br \/>G\u00f6zalt\u0131na al\u0131nan M.T., emniyetteki i\u015flemlerinin ard\u0131ndan sevk edildi\u011fi mahkemece tutuklanarak cezaevine g\u00f6nderildi.<br \/><\/p>\n","protected":false},"excerpt":{"rendered":"<p>Manisa\u2019n\u0131n Ala\u015fehir il\u00e7esinde d\u00fczenlenen uyu\u015fturucu operasyonunda 1 ki\u015fi tutukland\u0131. Ala\u015fehir Narkotik Su\u00e7larla M\u00fccadele B\u00fcro Amirli\u011fi ekiplerince Be\u015feyl\u00fcl Mahallesi\u2019nde ger\u00e7ekle\u015ftirilen operasyonda, M.T. (26) isimli \u015f\u00fcphelinin \u00fczerinde ve ikametinde yap\u0131lan aramada 81 adet sentetik ecza hap\u0131 ile 36,41 gram esrar ele ge\u00e7irildi. G\u00f6zalt\u0131na al\u0131nan M.T., emniyetteki i\u015flemlerinin ard\u0131ndan sevk edildi\u011fi mahkemece tutuklanarak cezaevine g\u00f6nderildi.<\/p>\n","protected":false},"author":1,"featured_media":65797,"comment_status":"open","ping_status":"open","sticky":false,"template":"","format":"standard","meta":{"_crdt_document":"","footnotes":""},"categories":[5],"tags":[],"class_list":["post-65796","post","type-post","status-publish","format-standard","has-post-thumbnail","hentry","category-asayis"],"_links":{"self":[{"href":"https:\/\/www.egemtv.com\/index.php?rest_route=\/wp\/v2\/posts\/65796","targetHints":{"allow":["GET"]}}],"collection":[{"href":"https:\/\/www.egemtv.com\/index.php?rest_route=\/wp\/v2\/posts"}],"about":[{"href":"https:\/\/www.egemtv.com\/index.php?rest_route=\/wp\/v2\/types\/post"}],"author":[{"embeddable":true,"href":"https:\/\/www.egemtv.com\/index.php?rest_route=\/wp\/v2\/users\/1"}],"replies":[{"embeddable":true,"href":"https:\/\/www.egemtv.com\/index.php?rest_route=%2Fwp%2Fv2%2Fcomments&post=65796"}],"version-history":[{"count":1,"href":"https:\/\/www.egemtv.com\/index.php?rest_route=\/wp\/v2\/posts\/65796\/revisions"}],"predecessor-version":[{"id":65798,"href":"https:\/\/www.egemtv.com\/index.php?rest_route=\/wp\/v2\/posts\/65796\/revisions\/65798"}],"wp:featuredmedia":[{"embeddable":true,"href":"https:\/\/www.egemtv.com\/index.php?rest_route=\/wp\/v2\/media\/65797"}],"wp:attachment":[{"href":"https:\/\/www.egemtv.com\/index.php?rest_route=%2Fwp%2Fv2%2Fmedia&parent=65796"}],"wp:term":[{"taxonomy":"category","embeddable":true,"href":"https:\/\/www.egemtv.com\/index.php?rest_route=%2Fwp%2Fv2%2Fcategories&post=65796"},{"taxonomy":"post_tag","embeddable":true,"href":"https:\/\/www.egemtv.com\/index.php?rest_route=%2Fwp%2Fv2%2Ftags&post=65796"}],"curies":[{"name":"wp","href":"https:\/\/api.w.org\/{rel}","templated":true}]}}