{"id":65793,"date":"2025-11-04T17:34:58","date_gmt":"2025-11-04T14:34:58","guid":{"rendered":"https:\/\/www.egemtv.com\/?p=65793"},"modified":"2025-11-04T17:34:59","modified_gmt":"2025-11-04T14:34:59","slug":"kavakliderede-9uncu-toplu-konut-icin-temel-atildi","status":"publish","type":"post","link":"https:\/\/www.egemtv.com\/?p=65793","title":{"rendered":"Kavakl\u0131dere\u2019de 9\u2019uncu toplu konut i\u00e7in temel at\u0131ld\u0131"},"content":{"rendered":"<p>Kavakl\u0131dere\u2019de uzun s\u00fcredir beklenen 9. Etap (Mente\u015fe 2. Etap) TOK\u0130 Konutlar\u0131 projesi i\u00e7in ilk kazma vuruldu.<\/p>\n<p>Kavakl\u0131dere Kaymakam\u0131 Ali Argama, \u0130l\u00e7e Jandarma Komutan\u0131 \u00dcste\u011fmen Yunus Emre Karako\u00e7, \u0130l\u00e7e Emniyet Amiri \u00d6zg\u00fcr Deliavc\u0131, siyasi parti temsilcileri, il\u00e7e kurum m\u00fcd\u00fcrleri, belediye meclis \u00fcyeleri, muhtarlar ve STK temsilcilerinin kat\u0131l\u0131m\u0131yla ger\u00e7ekle\u015ftirilen programda, il\u00e7enin konut hamlesi bir kez daha h\u0131z kazand\u0131. T\u00f6rende konu\u015fan Kavakl\u0131dere Belediye Ba\u015fkan\u0131 Mehmet Demir, il\u00e7enin TOK\u0130 projelerinde T\u00fcrkiye genelinde \u00f6rnek bir ba\u015far\u0131ya sahip oldu\u011funu vurgulad\u0131.<br \/>\n<br \/>Yeni proje kapsam\u0131nda yap\u0131lacak konutlar\u0131n tamamlanmas\u0131yla birlikte, Kavakl\u0131dere\u2019nin modern \u015fehirle\u015fme vizyonuna bir ad\u0131m daha eklenecek.<br \/><\/p>\n","protected":false},"excerpt":{"rendered":"<p>Kavakl\u0131dere\u2019de uzun s\u00fcredir beklenen 9. Etap (Mente\u015fe 2. Etap) TOK\u0130 Konutlar\u0131 projesi i\u00e7in ilk kazma vuruldu. Kavakl\u0131dere Kaymakam\u0131 Ali Argama, \u0130l\u00e7e Jandarma Komutan\u0131 \u00dcste\u011fmen Yunus Emre Karako\u00e7, \u0130l\u00e7e Emniyet Amiri \u00d6zg\u00fcr Deliavc\u0131, siyasi parti temsilcileri, il\u00e7e kurum m\u00fcd\u00fcrleri, belediye meclis \u00fcyeleri, muhtarlar ve STK temsilcilerinin kat\u0131l\u0131m\u0131yla ger\u00e7ekle\u015ftirilen programda, il\u00e7enin konut hamlesi bir kez daha h\u0131z&#8230;<\/p>\n","protected":false},"author":1,"featured_media":65794,"comment_status":"open","ping_status":"open","sticky":false,"template":"","format":"standard","meta":{"_crdt_document":"","footnotes":""},"categories":[1],"tags":[],"class_list":["post-65793","post","type-post","status-publish","format-standard","has-post-thumbnail","hentry","category-guncel"],"_links":{"self":[{"href":"https:\/\/www.egemtv.com\/index.php?rest_route=\/wp\/v2\/posts\/65793","targetHints":{"allow":["GET"]}}],"collection":[{"href":"https:\/\/www.egemtv.com\/index.php?rest_route=\/wp\/v2\/posts"}],"about":[{"href":"https:\/\/www.egemtv.com\/index.php?rest_route=\/wp\/v2\/types\/post"}],"author":[{"embeddable":true,"href":"https:\/\/www.egemtv.com\/index.php?rest_route=\/wp\/v2\/users\/1"}],"replies":[{"embeddable":true,"href":"https:\/\/www.egemtv.com\/index.php?rest_route=%2Fwp%2Fv2%2Fcomments&post=65793"}],"version-history":[{"count":1,"href":"https:\/\/www.egemtv.com\/index.php?rest_route=\/wp\/v2\/posts\/65793\/revisions"}],"predecessor-version":[{"id":65795,"href":"https:\/\/www.egemtv.com\/index.php?rest_route=\/wp\/v2\/posts\/65793\/revisions\/65795"}],"wp:featuredmedia":[{"embeddable":true,"href":"https:\/\/www.egemtv.com\/index.php?rest_route=\/wp\/v2\/media\/65794"}],"wp:attachment":[{"href":"https:\/\/www.egemtv.com\/index.php?rest_route=%2Fwp%2Fv2%2Fmedia&parent=65793"}],"wp:term":[{"taxonomy":"category","embeddable":true,"href":"https:\/\/www.egemtv.com\/index.php?rest_route=%2Fwp%2Fv2%2Fcategories&post=65793"},{"taxonomy":"post_tag","embeddable":true,"href":"https:\/\/www.egemtv.com\/index.php?rest_route=%2Fwp%2Fv2%2Ftags&post=65793"}],"curies":[{"name":"wp","href":"https:\/\/api.w.org\/{rel}","templated":true}]}}