{"id":65790,"date":"2025-11-04T17:14:49","date_gmt":"2025-11-04T14:14:49","guid":{"rendered":"https:\/\/www.egemtv.com\/?p=65790"},"modified":"2025-11-04T17:14:50","modified_gmt":"2025-11-04T14:14:50","slug":"bozdoganda-ev-yangini","status":"publish","type":"post","link":"https:\/\/www.egemtv.com\/?p=65790","title":{"rendered":"Bozdo\u011fan\u2019da ev yang\u0131n\u0131"},"content":{"rendered":"<p>Bozdo\u011fan\u2019da \u00e7\u0131kan yang\u0131nda metruk ev alevlere teslim edildi.<br \/>\n<br \/>Edinilen bilgiye g\u00f6re, \u00c7ar\u015f\u0131 Mahallesi\u2019nde kullan\u0131lmayan ah\u015fap metruk evde hen\u00fcz bilinmeyen bir nedenle yang\u0131n \u00e7\u0131kt\u0131. Yang\u0131n ihbar\u0131n\u0131n ard\u0131ndan b\u00f6lgeye itfaiye ve polis ekipleri sevk edildi. Olay yerine gelen itfaiye ekipleri alevlere m\u00fcdahale ederek yang\u0131n\u0131 s\u00f6nd\u00fcrd\u00fc.<br \/>\n<br \/>Yang\u0131nla ilgili inceleme s\u00fcr\u00fcyor.<br \/><\/p>\n","protected":false},"excerpt":{"rendered":"<p>Bozdo\u011fan\u2019da \u00e7\u0131kan yang\u0131nda metruk ev alevlere teslim edildi. Edinilen bilgiye g\u00f6re, \u00c7ar\u015f\u0131 Mahallesi\u2019nde kullan\u0131lmayan ah\u015fap metruk evde hen\u00fcz bilinmeyen bir nedenle yang\u0131n \u00e7\u0131kt\u0131. Yang\u0131n ihbar\u0131n\u0131n ard\u0131ndan b\u00f6lgeye itfaiye ve polis ekipleri sevk edildi. Olay yerine gelen itfaiye ekipleri alevlere m\u00fcdahale ederek yang\u0131n\u0131 s\u00f6nd\u00fcrd\u00fc. Yang\u0131nla ilgili inceleme s\u00fcr\u00fcyor.<\/p>\n","protected":false},"author":1,"featured_media":65791,"comment_status":"open","ping_status":"open","sticky":false,"template":"","format":"standard","meta":{"_crdt_document":"","footnotes":""},"categories":[5],"tags":[],"class_list":["post-65790","post","type-post","status-publish","format-standard","has-post-thumbnail","hentry","category-asayis"],"_links":{"self":[{"href":"https:\/\/www.egemtv.com\/index.php?rest_route=\/wp\/v2\/posts\/65790","targetHints":{"allow":["GET"]}}],"collection":[{"href":"https:\/\/www.egemtv.com\/index.php?rest_route=\/wp\/v2\/posts"}],"about":[{"href":"https:\/\/www.egemtv.com\/index.php?rest_route=\/wp\/v2\/types\/post"}],"author":[{"embeddable":true,"href":"https:\/\/www.egemtv.com\/index.php?rest_route=\/wp\/v2\/users\/1"}],"replies":[{"embeddable":true,"href":"https:\/\/www.egemtv.com\/index.php?rest_route=%2Fwp%2Fv2%2Fcomments&post=65790"}],"version-history":[{"count":1,"href":"https:\/\/www.egemtv.com\/index.php?rest_route=\/wp\/v2\/posts\/65790\/revisions"}],"predecessor-version":[{"id":65792,"href":"https:\/\/www.egemtv.com\/index.php?rest_route=\/wp\/v2\/posts\/65790\/revisions\/65792"}],"wp:featuredmedia":[{"embeddable":true,"href":"https:\/\/www.egemtv.com\/index.php?rest_route=\/wp\/v2\/media\/65791"}],"wp:attachment":[{"href":"https:\/\/www.egemtv.com\/index.php?rest_route=%2Fwp%2Fv2%2Fmedia&parent=65790"}],"wp:term":[{"taxonomy":"category","embeddable":true,"href":"https:\/\/www.egemtv.com\/index.php?rest_route=%2Fwp%2Fv2%2Fcategories&post=65790"},{"taxonomy":"post_tag","embeddable":true,"href":"https:\/\/www.egemtv.com\/index.php?rest_route=%2Fwp%2Fv2%2Ftags&post=65790"}],"curies":[{"name":"wp","href":"https:\/\/api.w.org\/{rel}","templated":true}]}}