{"id":65787,"date":"2025-11-04T17:14:47","date_gmt":"2025-11-04T14:14:47","guid":{"rendered":"https:\/\/www.egemtv.com\/?p=65787"},"modified":"2025-11-04T17:14:48","modified_gmt":"2025-11-04T14:14:48","slug":"motosiklet-kazasinda-hayatini-kaybeden-genc-gozyaslariyla-son-yolculuguna-ugurlandi","status":"publish","type":"post","link":"https:\/\/www.egemtv.com\/?p=65787","title":{"rendered":"Motosiklet kazas\u0131nda hayat\u0131n\u0131 kaybeden gen\u00e7, g\u00f6zya\u015flar\u0131yla son yolculu\u011funa u\u011furland\u0131"},"content":{"rendered":"<p>E\u011firdir\u2019de otomobille motosikletin kafa kafaya \u00e7arp\u0131\u015ft\u0131\u011f\u0131 kazada hayat\u0131n\u0131 kaybeden 22 ya\u015f\u0131ndaki gen\u00e7, ikindi namaz\u0131n\u0131 m\u00fcteakip H\u0131z\u0131rbey Camii\u2019nde k\u0131l\u0131nan cenaze namaz\u0131n\u0131n ard\u0131ndan g\u00f6zya\u015flar\u0131 aras\u0131nda topra\u011fa verildi.<br \/>\n<br \/>Kaza, gece saat 00.00 s\u0131ralar\u0131nda E\u011firdir il\u00e7esi Katip Mahallesi\u2019nde meydana geldi. Hen\u00fcz s\u00fcr\u00fcc\u00fcs\u00fcn\u00fcn kimli\u011fi belirlenemeyen bir otomobil ile Mert Candemir\u2019in kulland\u0131\u011f\u0131 motosiklet kafa kafaya \u00e7arp\u0131\u015ft\u0131. \u00c7arp\u0131\u015fman\u0131n etkisiyle motosikletten savrulan Candemir a\u011f\u0131r yaraland\u0131. \u0130hbar \u00fczerine olay yerine polis ve sa\u011fl\u0131k ekipleri sevk edildi. A\u011f\u0131r yaral\u0131 olarak hastaneye kald\u0131r\u0131lan gen\u00e7 s\u00fcr\u00fcc\u00fc, yap\u0131lan t\u00fcm m\u00fcdahalelere ra\u011fmen kurtar\u0131lamad\u0131. Kazan\u0131n ard\u0131ndan olay yerinden ka\u00e7an otomobil s\u00fcr\u00fcc\u00fcs\u00fcn\u00fc yakalamak i\u00e7in polis ekiplerince arama \u00e7al\u0131\u015fmalar\u0131 ba\u015flat\u0131ld\u0131.<\/p>\n<p>G\u00f6zya\u015flar\u0131 e\u015fli\u011finde son yolculu\u011funa u\u011furland\u0131<br \/>\n<br \/>Mert Candemir i\u00e7in E\u011firdir H\u0131z\u0131rbey Camii\u2019nde ikindi namaz\u0131n\u0131 m\u00fcteakip cenaze namaz\u0131 k\u0131l\u0131nd\u0131. Candemir\u2019in cenazesi, k\u0131l\u0131nan namaz\u0131n ard\u0131ndan Kervansaray Kabristanl\u0131\u011f\u0131\u2019nda topra\u011fa verildi. Cenazeye Mert Candemir\u2019in ailesi, yak\u0131nlar\u0131, arkada\u015flar\u0131 ve \u00e7ok say\u0131da vatanda\u015f kat\u0131ld\u0131. Baba Mustafa Candemir ve karde\u015fi Mehmet Candemir, t\u00f6rende g\u00f6zya\u015flar\u0131na h\u00e2kim olamad\u0131. E\u011firdir M\u00fcft\u00fcs\u00fc Mehmet Ali Ero\u011flu\u2019nun k\u0131ld\u0131rd\u0131\u011f\u0131 cenaze namaz\u0131nda duygu dolu anlar ya\u015fan\u0131rken, gen\u00e7 ya\u015fta hayat\u0131n\u0131 kaybeden Mert Candemir\u2019in \u00f6l\u00fcm\u00fc il\u00e7ede b\u00fcy\u00fck \u00fcz\u00fcnt\u00fc olu\u015fturdu.<br \/><\/p>\n","protected":false},"excerpt":{"rendered":"<p>E\u011firdir\u2019de otomobille motosikletin kafa kafaya \u00e7arp\u0131\u015ft\u0131\u011f\u0131 kazada hayat\u0131n\u0131 kaybeden 22 ya\u015f\u0131ndaki gen\u00e7, ikindi namaz\u0131n\u0131 m\u00fcteakip H\u0131z\u0131rbey Camii\u2019nde k\u0131l\u0131nan cenaze namaz\u0131n\u0131n ard\u0131ndan g\u00f6zya\u015flar\u0131 aras\u0131nda topra\u011fa verildi. Kaza, gece saat 00.00 s\u0131ralar\u0131nda E\u011firdir il\u00e7esi Katip Mahallesi\u2019nde meydana geldi. Hen\u00fcz s\u00fcr\u00fcc\u00fcs\u00fcn\u00fcn kimli\u011fi belirlenemeyen bir otomobil ile Mert Candemir\u2019in kulland\u0131\u011f\u0131 motosiklet kafa kafaya \u00e7arp\u0131\u015ft\u0131. \u00c7arp\u0131\u015fman\u0131n etkisiyle motosikletten savrulan Candemir&#8230;<\/p>\n","protected":false},"author":1,"featured_media":65788,"comment_status":"open","ping_status":"open","sticky":false,"template":"","format":"standard","meta":{"_crdt_document":"","footnotes":""},"categories":[5],"tags":[],"class_list":["post-65787","post","type-post","status-publish","format-standard","has-post-thumbnail","hentry","category-asayis"],"_links":{"self":[{"href":"https:\/\/www.egemtv.com\/index.php?rest_route=\/wp\/v2\/posts\/65787","targetHints":{"allow":["GET"]}}],"collection":[{"href":"https:\/\/www.egemtv.com\/index.php?rest_route=\/wp\/v2\/posts"}],"about":[{"href":"https:\/\/www.egemtv.com\/index.php?rest_route=\/wp\/v2\/types\/post"}],"author":[{"embeddable":true,"href":"https:\/\/www.egemtv.com\/index.php?rest_route=\/wp\/v2\/users\/1"}],"replies":[{"embeddable":true,"href":"https:\/\/www.egemtv.com\/index.php?rest_route=%2Fwp%2Fv2%2Fcomments&post=65787"}],"version-history":[{"count":1,"href":"https:\/\/www.egemtv.com\/index.php?rest_route=\/wp\/v2\/posts\/65787\/revisions"}],"predecessor-version":[{"id":65789,"href":"https:\/\/www.egemtv.com\/index.php?rest_route=\/wp\/v2\/posts\/65787\/revisions\/65789"}],"wp:featuredmedia":[{"embeddable":true,"href":"https:\/\/www.egemtv.com\/index.php?rest_route=\/wp\/v2\/media\/65788"}],"wp:attachment":[{"href":"https:\/\/www.egemtv.com\/index.php?rest_route=%2Fwp%2Fv2%2Fmedia&parent=65787"}],"wp:term":[{"taxonomy":"category","embeddable":true,"href":"https:\/\/www.egemtv.com\/index.php?rest_route=%2Fwp%2Fv2%2Fcategories&post=65787"},{"taxonomy":"post_tag","embeddable":true,"href":"https:\/\/www.egemtv.com\/index.php?rest_route=%2Fwp%2Fv2%2Ftags&post=65787"}],"curies":[{"name":"wp","href":"https:\/\/api.w.org\/{rel}","templated":true}]}}