{"id":65784,"date":"2025-11-04T16:15:25","date_gmt":"2025-11-04T13:15:25","guid":{"rendered":"https:\/\/www.egemtv.com\/?p=65784"},"modified":"2025-11-04T16:15:28","modified_gmt":"2025-11-04T13:15:28","slug":"manisa-fk-sivasspor-mesaisine-basladi","status":"publish","type":"post","link":"https:\/\/www.egemtv.com\/?p=65784","title":{"rendered":"Manisa FK, Sivasspor mesaisine ba\u015flad\u0131"},"content":{"rendered":"<p>Manisa Futbol Kul\u00fcb\u00fc, Trendyol 1. Lig\u2019in 13. haftas\u0131nda deplasmanda \u00d6zbelsan Sivasspor ile oynayacaklar\u0131n\u0131 m\u00fcsabakan\u0131n haz\u0131rl\u0131klar\u0131na ba\u015flad\u0131.<br \/>\n<br \/>Siyah-beyazl\u0131 ekip, 8 Kas\u0131m Cumartesi g\u00fcn\u00fc saat 13.30\u2019da Sivasspor 4 Eyl\u00fcl Stadyumu\u2019nda oynanacak kar\u015f\u0131la\u015fma \u00f6ncesi ilk antrenman\u0131n\u0131 ger\u00e7ekle\u015ftirdi. Teknik Direkt\u00f6r Taner Ta\u015fk\u0131n y\u00f6netiminde yap\u0131lan idman, \u0131s\u0131nma hareketleriyle ba\u015flad\u0131. Ard\u0131ndan dayan\u0131kl\u0131l\u0131k \u00e7al\u0131\u015fmas\u0131 ve dar alan oyunlar\u0131 ger\u00e7ekle\u015ftirildi.<br \/>\n<br \/>Manisa FK, \u00d6zbelsan Sivasspor ma\u00e7\u0131 haz\u0131rl\u0131klar\u0131n\u0131 yar\u0131n yapaca\u011f\u0131 antrenmanla s\u00fcrd\u00fcrecek.<br \/><\/p>\n","protected":false},"excerpt":{"rendered":"<p>Manisa Futbol Kul\u00fcb\u00fc, Trendyol 1. Lig\u2019in 13. haftas\u0131nda deplasmanda \u00d6zbelsan Sivasspor ile oynayacaklar\u0131n\u0131 m\u00fcsabakan\u0131n haz\u0131rl\u0131klar\u0131na ba\u015flad\u0131. Siyah-beyazl\u0131 ekip, 8 Kas\u0131m Cumartesi g\u00fcn\u00fc saat 13.30\u2019da Sivasspor 4 Eyl\u00fcl Stadyumu\u2019nda oynanacak kar\u015f\u0131la\u015fma \u00f6ncesi ilk antrenman\u0131n\u0131 ger\u00e7ekle\u015ftirdi. Teknik Direkt\u00f6r Taner Ta\u015fk\u0131n y\u00f6netiminde yap\u0131lan idman, \u0131s\u0131nma hareketleriyle ba\u015flad\u0131. Ard\u0131ndan dayan\u0131kl\u0131l\u0131k \u00e7al\u0131\u015fmas\u0131 ve dar alan oyunlar\u0131 ger\u00e7ekle\u015ftirildi. Manisa FK, \u00d6zbelsan&#8230;<\/p>\n","protected":false},"author":1,"featured_media":65785,"comment_status":"open","ping_status":"open","sticky":false,"template":"","format":"standard","meta":{"_crdt_document":"","footnotes":""},"categories":[4],"tags":[],"class_list":["post-65784","post","type-post","status-publish","format-standard","has-post-thumbnail","hentry","category-spor"],"_links":{"self":[{"href":"https:\/\/www.egemtv.com\/index.php?rest_route=\/wp\/v2\/posts\/65784","targetHints":{"allow":["GET"]}}],"collection":[{"href":"https:\/\/www.egemtv.com\/index.php?rest_route=\/wp\/v2\/posts"}],"about":[{"href":"https:\/\/www.egemtv.com\/index.php?rest_route=\/wp\/v2\/types\/post"}],"author":[{"embeddable":true,"href":"https:\/\/www.egemtv.com\/index.php?rest_route=\/wp\/v2\/users\/1"}],"replies":[{"embeddable":true,"href":"https:\/\/www.egemtv.com\/index.php?rest_route=%2Fwp%2Fv2%2Fcomments&post=65784"}],"version-history":[{"count":1,"href":"https:\/\/www.egemtv.com\/index.php?rest_route=\/wp\/v2\/posts\/65784\/revisions"}],"predecessor-version":[{"id":65786,"href":"https:\/\/www.egemtv.com\/index.php?rest_route=\/wp\/v2\/posts\/65784\/revisions\/65786"}],"wp:featuredmedia":[{"embeddable":true,"href":"https:\/\/www.egemtv.com\/index.php?rest_route=\/wp\/v2\/media\/65785"}],"wp:attachment":[{"href":"https:\/\/www.egemtv.com\/index.php?rest_route=%2Fwp%2Fv2%2Fmedia&parent=65784"}],"wp:term":[{"taxonomy":"category","embeddable":true,"href":"https:\/\/www.egemtv.com\/index.php?rest_route=%2Fwp%2Fv2%2Fcategories&post=65784"},{"taxonomy":"post_tag","embeddable":true,"href":"https:\/\/www.egemtv.com\/index.php?rest_route=%2Fwp%2Fv2%2Ftags&post=65784"}],"curies":[{"name":"wp","href":"https:\/\/api.w.org\/{rel}","templated":true}]}}