{"id":65781,"date":"2025-11-04T16:15:22","date_gmt":"2025-11-04T13:15:22","guid":{"rendered":"https:\/\/www.egemtv.com\/?p=65781"},"modified":"2025-11-04T16:15:23","modified_gmt":"2025-11-04T13:15:23","slug":"alacatida-eglence-mekanina-silahli-saldiriya-1-gozalti","status":"publish","type":"post","link":"https:\/\/www.egemtv.com\/?p=65781","title":{"rendered":"Ala\u00e7at\u0131\u2019da e\u011flence mekan\u0131na silahl\u0131 sald\u0131r\u0131ya 1 g\u00f6zalt\u0131"},"content":{"rendered":"<p>\u0130zmir\u2019de e\u011flence mekan\u0131na silahl\u0131 sald\u0131r\u0131ya ili\u015fkin 1 \u015f\u00fcpheli g\u00f6zalt\u0131n al\u0131n\u0131rken bir \u015f\u00fcpheliyi yakalamak i\u00e7in \u00e7al\u0131\u015fmalar s\u00fcr\u00fcyor.<br \/>\n<br \/>Edinilen bilgiye g\u00f6re olay, sabaha kar\u015f\u0131 saat 05.00 s\u0131ralar\u0131nda \u00c7e\u015fme il\u00e7esine ba\u011fl\u0131 Ala\u00e7at\u0131 Mahallesi\u2019ndeki bir e\u011flence mekan\u0131nda meydana geldi. Kapal\u0131 durumdaki mekana tabanca ile ate\u015f a\u00e7\u0131ld\u0131. \u00c7ok say\u0131da merminin isabet etti\u011fi i\u015f yerinde maddi hasar olu\u015ftu. \u0130hbar \u00fczerine b\u00f6lgeye polis ekipleri sevk edildi. Olay yerinde geni\u015f g\u00fcvenlik \u00f6nlemleri al\u0131n\u0131rken ekipler sald\u0131rganlar\u0131n yakalanmas\u0131 i\u00e7in \u00e7al\u0131\u015fma ba\u015flatt\u0131. Sald\u0131r\u0131yla ilgili A.C. adl\u0131 bir \u015f\u00fcpheli g\u00f6zalt\u0131na al\u0131n\u0131rken bir \u015f\u00fcpheliyi yakalama \u00e7al\u0131\u015fmalar\u0131 s\u00fcr\u00fcyor.<br \/>\n<br \/>\u00d6te yandan, sald\u0131r\u0131 an\u0131n\u0131n bir vatanda\u015f taraf\u0131ndan cep telefonu kameras\u0131yla kaydedildi\u011fi ve g\u00f6r\u00fcnt\u00fclerde tehdit i\u00e7erikli s\u00f6zlerle mekana ate\u015f a\u00e7\u0131ld\u0131\u011f\u0131 anlar\u0131n yer ald\u0131\u011f\u0131 \u00f6\u011frenildi.<br \/><\/p>\n","protected":false},"excerpt":{"rendered":"<p>\u0130zmir\u2019de e\u011flence mekan\u0131na silahl\u0131 sald\u0131r\u0131ya ili\u015fkin 1 \u015f\u00fcpheli g\u00f6zalt\u0131n al\u0131n\u0131rken bir \u015f\u00fcpheliyi yakalamak i\u00e7in \u00e7al\u0131\u015fmalar s\u00fcr\u00fcyor. Edinilen bilgiye g\u00f6re olay, sabaha kar\u015f\u0131 saat 05.00 s\u0131ralar\u0131nda \u00c7e\u015fme il\u00e7esine ba\u011fl\u0131 Ala\u00e7at\u0131 Mahallesi\u2019ndeki bir e\u011flence mekan\u0131nda meydana geldi. Kapal\u0131 durumdaki mekana tabanca ile ate\u015f a\u00e7\u0131ld\u0131. \u00c7ok say\u0131da merminin isabet etti\u011fi i\u015f yerinde maddi hasar olu\u015ftu. \u0130hbar \u00fczerine b\u00f6lgeye&#8230;<\/p>\n","protected":false},"author":1,"featured_media":65782,"comment_status":"open","ping_status":"open","sticky":false,"template":"","format":"standard","meta":{"_crdt_document":"","footnotes":""},"categories":[5],"tags":[],"class_list":["post-65781","post","type-post","status-publish","format-standard","has-post-thumbnail","hentry","category-asayis"],"_links":{"self":[{"href":"https:\/\/www.egemtv.com\/index.php?rest_route=\/wp\/v2\/posts\/65781","targetHints":{"allow":["GET"]}}],"collection":[{"href":"https:\/\/www.egemtv.com\/index.php?rest_route=\/wp\/v2\/posts"}],"about":[{"href":"https:\/\/www.egemtv.com\/index.php?rest_route=\/wp\/v2\/types\/post"}],"author":[{"embeddable":true,"href":"https:\/\/www.egemtv.com\/index.php?rest_route=\/wp\/v2\/users\/1"}],"replies":[{"embeddable":true,"href":"https:\/\/www.egemtv.com\/index.php?rest_route=%2Fwp%2Fv2%2Fcomments&post=65781"}],"version-history":[{"count":1,"href":"https:\/\/www.egemtv.com\/index.php?rest_route=\/wp\/v2\/posts\/65781\/revisions"}],"predecessor-version":[{"id":65783,"href":"https:\/\/www.egemtv.com\/index.php?rest_route=\/wp\/v2\/posts\/65781\/revisions\/65783"}],"wp:featuredmedia":[{"embeddable":true,"href":"https:\/\/www.egemtv.com\/index.php?rest_route=\/wp\/v2\/media\/65782"}],"wp:attachment":[{"href":"https:\/\/www.egemtv.com\/index.php?rest_route=%2Fwp%2Fv2%2Fmedia&parent=65781"}],"wp:term":[{"taxonomy":"category","embeddable":true,"href":"https:\/\/www.egemtv.com\/index.php?rest_route=%2Fwp%2Fv2%2Fcategories&post=65781"},{"taxonomy":"post_tag","embeddable":true,"href":"https:\/\/www.egemtv.com\/index.php?rest_route=%2Fwp%2Fv2%2Ftags&post=65781"}],"curies":[{"name":"wp","href":"https:\/\/api.w.org\/{rel}","templated":true}]}}