{"id":65778,"date":"2025-11-04T16:15:19","date_gmt":"2025-11-04T13:15:19","guid":{"rendered":"https:\/\/www.egemtv.com\/?p=65778"},"modified":"2025-11-04T16:15:21","modified_gmt":"2025-11-04T13:15:21","slug":"guzellik-salonu-sahibi-musterilerini-dolandirdi-sirra-kadem-basti","status":"publish","type":"post","link":"https:\/\/www.egemtv.com\/?p=65778","title":{"rendered":"G\u00fczellik salonu sahibi m\u00fc\u015fterilerini doland\u0131rd\u0131, s\u0131rra kadem bast\u0131"},"content":{"rendered":"<p>\u0130zmir\u2019de bir g\u00fczellik salonu sahibinin, &#8220;kar pay\u0131&#8221; vaadiyle m\u00fc\u015fterilerden ve \u00e7evredeki esnaftan para toplayarak ortadan kayboldu\u011fu \u00f6ne s\u00fcr\u00fcld\u00fc. Salona gelen m\u00fc\u015fteriler kap\u0131n\u0131n kapal\u0131 ve i\u00e7erinin bo\u015f oldu\u011funu g\u00f6r\u00fcnce polise giderek \u015fikayet\u00e7i oldu.<br \/>\n<br \/>Yakla\u015f\u0131k 5 y\u0131ld\u0131r Konak il\u00e7esi G\u00fczelyal\u0131 Mahallesi\u2019nde g\u00fczellik salonu i\u015fleten E.\u00d6., iddiaya g\u00f6re bir s\u00fcre \u00f6nce sosyal medya hesaplar\u0131ndan piyasa fiyatlar\u0131n\u0131n \u00e7ok alt\u0131nda kampanyalar d\u00fczenleyerek dikkat \u00e7ekti. Uygun fiyatl\u0131 hizmet vaadiyle \u00e7ok say\u0131da yeni m\u00fc\u015fteri kazanan E.\u00d6., zamanla baz\u0131 m\u00fc\u015fterilerine &#8220;kar pay\u0131&#8221; veya &#8220;salona yeni m\u00fc\u015fteri getirme kar\u015f\u0131l\u0131\u011f\u0131nda alt\u0131n verme&#8221; vaadinde bulundu. Bu tekliflere inanan ki\u015filer, arkada\u015flar\u0131n\u0131 ve yak\u0131nlar\u0131n\u0131 da salona y\u00f6nlendirmeye ba\u015flad\u0131. K\u0131sa s\u00fcrede y\u00fczlerce ki\u015filik bir m\u00fc\u015fteri kitlesine ula\u015fan E.\u00d6., yeni bir \u015fube a\u00e7aca\u011f\u0131n\u0131 s\u00f6yleyerek sosyal medya \u00fczerinden tadilat g\u00f6r\u00fcnt\u00fcleri payla\u015ft\u0131. Ancak iddialara g\u00f6re, yeni d\u00fckkan\u0131 bahane eden E.\u00d6. \u00f6nce mevcut i\u015f yerindeki cihazlar\u0131 \u00e7\u0131kard\u0131, ard\u0131ndan tabelalar\u0131 s\u00f6kerek ortadan kayboldu. Olay g\u00fcn\u00fc ise herkese ayn\u0131 saatte randevu verildi\u011fi ortaya \u00e7\u0131kt\u0131. Randevu saatinde salona gelen m\u00fc\u015fteriler kap\u0131n\u0131n kapal\u0131 ve i\u00e7erinin bo\u015f oldu\u011funu g\u00f6r\u00fcnce doland\u0131r\u0131ld\u0131klar\u0131n\u0131 anlad\u0131. \u015ea\u015fk\u0131nl\u0131\u011fa u\u011frayan \u00e7ok say\u0131da vatanda\u015f, daha sonra polis merkezine giderek E.\u00d6. hakk\u0131nda \u015fikayet\u00e7i oldu.<\/p>\n<p>&#8220;Ortakl\u0131k teklif etti&#8221;<br \/>\n<br \/>Yakla\u015f\u0131k 5 bin TL doland\u0131r\u0131ld\u0131\u011f\u0131n\u0131 belirten Serden Yasa (44), &#8220;Lazer seans\u0131na birka\u00e7 kere geldim. \u0130\u015f yerinde tadilat oldu\u011funu \u00f6\u011frenince, \u20183 Kas\u0131m\u2019dan itibaren a\u00e7\u0131\u011f\u0131z\u2019 dediler. Ben de d\u00fcn gelemedi\u011fim i\u00e7in bug\u00fcn geldim. Ancak geldi\u011fimde g\u00f6rd\u00fc\u011f\u00fcm manzara ortada; k\u0131sacas\u0131 doland\u0131r\u0131ld\u0131k. Bize 2 m\u00fc\u015fteri getirene, 3 m\u00fc\u015fteri getirene \u00e7eyrek, yar\u0131m veya gram alt\u0131n verilece\u011fini s\u00f6ylemi\u015fti. Ben bunlara kat\u0131lmad\u0131m ama yeni yerini \u2018\u00e7ok g\u00fczel olacak, buradaki aletleri de oraya ta\u015f\u0131yaca\u011f\u0131z, yenilenecek\u2019 diyerek tan\u0131tt\u0131. K\u0131sacas\u0131, hepimiz doland\u0131r\u0131ld\u0131k. Bir d\u00f6nem kanser tedavisi g\u00f6rd\u00fc\u011f\u00fcn\u00fc, sonra hastal\u0131\u011f\u0131n\u0131n tekrar n\u00fcksetti\u011fini s\u00f6yleyip, \u2018Bunu da sizlerin deste\u011fiyle yenece\u011fim.\u2019 dedi. Ama belki de hata bizdeydi; bu kadar d\u00fc\u015f\u00fck rakamlara nas\u0131l kand\u0131k, bilmiyorum. Sonu\u00e7 tam bir h\u00fcsran oldu. Bana ortak arad\u0131\u011f\u0131n\u0131, istersem ortak olabilece\u011fimi de s\u00f6yledi. Bunu bir\u00e7ok ki\u015fiye teklif etti\u011fi belli, \u00e7\u00fcnk\u00fc sosyal medyada bu konuda \u00e7ok payla\u015f\u0131m yapt\u0131. Neyse ki herkes bu hataya d\u00fc\u015fmemi\u015f, ama d\u00fc\u015fenler de var. Ancak y\u00fczlerce ma\u011fdur oldu\u011fu \u00e7ok a\u00e7\u0131k. Seanslara geldi\u011fimizde kap\u0131da s\u00fcrekli insanlar olurdu. Bazen yar\u0131m saat bekledi\u011fimiz oluyordu. Yani bu durum sadece birka\u00e7 ki\u015fiyle s\u0131n\u0131rl\u0131 de\u011fil; \u00e7ok say\u0131da insan ma\u011fdur. Belki hala haberi olmayan bir\u00e7ok ki\u015fi bile var&#8221; dedi.<\/p>\n<p>&#8220;Yeni d\u00fckkan\u0131n tadilat g\u00f6r\u00fcnt\u00fclerinin internetten indirildi\u011fi s\u00f6yleniyor&#8221;<br \/>\n<br \/>Epilasyon i\u015flemi i\u00e7in \u00fccret \u00f6dedi\u011fini ve bunu arkada\u015flar\u0131na da tavsiye etti\u011fini aktaran Nurullah Yok (42), &#8220;Ancak bug\u00fcn geldi\u011fimde salonun kapal\u0131 oldu\u011funu g\u00f6rd\u00fcm. \u00c7evreden ve sosyal medyadan duydu\u011fuma g\u00f6re, salon sahipleri ortadan kaybolmu\u015f. Ben y\u0131llard\u0131r buraya geliyorum. Bir arkada\u015f\u0131m, g\u00fczellik salonuna telefonla ula\u015famad\u0131\u011f\u0131n\u0131 s\u00f6yleyince, ben de bizzat gelip durumu g\u00f6rmek istedim. Fakat kepenkler kapal\u0131yd\u0131. G\u00f6r\u00fcn\u00fc\u015fe g\u00f6re, insanlar\u0131 doland\u0131r\u0131p ka\u00e7m\u0131\u015flar. Daha \u00f6nce \u2018Arkada\u015f\u0131n\u0131 getirene alt\u0131n kampanyas\u0131\u2019 ve \u20183 i\u015flem 1000 TL\u2019 gibi kampanyalar yapm\u0131\u015flard\u0131. Ben de bu paketi sat\u0131n alm\u0131\u015ft\u0131m, ancak hi\u00e7bir i\u015flem yap\u0131lmad\u0131. Salonun yeni bir d\u00fckkana ta\u015f\u0131naca\u011f\u0131n\u0131, orada 3 Kas\u0131m\u2019da hizmete ba\u015flanaca\u011f\u0131n\u0131 s\u00f6ylemi\u015flerdi. Hatta yeni d\u00fckkan\u0131n foto\u011fraflar\u0131n\u0131 payla\u015f\u0131p tadilat g\u00f6r\u00fcnt\u00fclerini payla\u015fm\u0131\u015flard\u0131. Ancak bug\u00fcn geldi\u011fimde hi\u00e7bir \u015feyin olmad\u0131\u011f\u0131n\u0131 g\u00f6rd\u00fcm. Sosyal medyada payla\u015f\u0131lan o tadilat g\u00f6r\u00fcnt\u00fclerinin internetten indirildi\u011fi s\u00f6yleniyor. Daha \u00f6nce mesajla\u015fma uygulamas\u0131 \u00fczerinden \u2018Ba\u015fl\u0131yoruz, her \u015fey haz\u0131r, ekip haz\u0131r\u2019 \u015feklinde payla\u015f\u0131mlar yapm\u0131\u015flard\u0131, fakat ger\u00e7ekte hi\u00e7bir faaliyet yok&#8221; diye konu\u015ftu.<\/p>\n<p>Sosyal medya hesaplar\u0131n\u0131 kapatm\u0131\u015f<br \/>\n<br \/>Doland\u0131r\u0131lma s\u00f6ylentileri \u00fczerine g\u00fczellik salonuna geldi\u011fini vurgulayan P\u0131nar Araz (35), &#8220;Ben buraya y\u0131llard\u0131r geliyorum ve her zaman memnun kald\u0131m. E\u015fime, akrabalar\u0131ma, arkada\u015flar\u0131ma s\u00fcrekli memnun oldu\u011fumu s\u00f6yl\u00fcyordum. Ailem, akrabalar\u0131m ve arkada\u015flar\u0131m da buraya gelmeye ba\u015flad\u0131. Yeni paketler \u00e7\u0131k\u0131nca biz de uygun fiyatl\u0131 oldu\u011fu ve memnun kald\u0131\u011f\u0131m\u0131z bir yer oldu\u011fu i\u00e7in teredd\u00fct etmeden ald\u0131k. Bug\u00fcn saat 12\u2019de randevumuz vard\u0131. Ancak d\u00fcn doland\u0131r\u0131ld\u0131\u011f\u0131m\u0131z\u0131 \u00f6\u011frendik. Herkes kap\u0131n\u0131n \u00f6n\u00fcnde topland\u0131. B\u00f6yle bir \u015fey beklemiyorduk. Paketlerimizi ald\u0131k ama kullanamad\u0131k. Bize, \u2018Son g\u00fcn, gece saat 1\u2019e kadar s\u00fcreniz var,\u2019 denmi\u015fti. Gece 1\u2019den sonra ise sosyal medya hesab\u0131n\u0131 kapatm\u0131\u015f ve hi\u00e7bir \u015fekilde ula\u015f\u0131lamaz hale gelmi\u015f. S\u00fcrekli mesajla\u015fma uygulamas\u0131 \u00fczerinden payla\u015f\u0131mlar yap\u0131yordu. Ayr\u0131ca \u2018Ne kadar \u00e7ok ki\u015fi getirirseniz, isimlerini not al\u0131yoruz; sonunda size \u00e7eyrek ya da gram alt\u0131n verilecek,\u2019 gibi bir sistem kurmu\u015flard\u0131. Ancak biz bu ama\u00e7la de\u011fil, sadece indirimli, temiz ve i\u015fini iyi yapan bir yere geldi\u011fimiz i\u00e7in e\u015fimizi dostumuzu getirdik. Sonu\u00e7ta biz de ma\u011fdur olduk. E\u015fimi de g\u00fczel bir yer diye getirdim ama g\u00f6rd\u00fc\u011f\u00fcn\u00fcz gibi herkes doland\u0131r\u0131lm\u0131\u015f durumda&#8221; dedi.<br \/><\/p>\n","protected":false},"excerpt":{"rendered":"<p>\u0130zmir\u2019de bir g\u00fczellik salonu sahibinin, &#8220;kar pay\u0131&#8221; vaadiyle m\u00fc\u015fterilerden ve \u00e7evredeki esnaftan para toplayarak ortadan kayboldu\u011fu \u00f6ne s\u00fcr\u00fcld\u00fc. Salona gelen m\u00fc\u015fteriler kap\u0131n\u0131n kapal\u0131 ve i\u00e7erinin bo\u015f oldu\u011funu g\u00f6r\u00fcnce polise giderek \u015fikayet\u00e7i oldu. Yakla\u015f\u0131k 5 y\u0131ld\u0131r Konak il\u00e7esi G\u00fczelyal\u0131 Mahallesi\u2019nde g\u00fczellik salonu i\u015fleten E.\u00d6., iddiaya g\u00f6re bir s\u00fcre \u00f6nce sosyal medya hesaplar\u0131ndan piyasa fiyatlar\u0131n\u0131n \u00e7ok alt\u0131nda&#8230;<\/p>\n","protected":false},"author":1,"featured_media":65779,"comment_status":"open","ping_status":"open","sticky":false,"template":"","format":"standard","meta":{"_crdt_document":"","footnotes":""},"categories":[5],"tags":[],"class_list":["post-65778","post","type-post","status-publish","format-standard","has-post-thumbnail","hentry","category-asayis"],"_links":{"self":[{"href":"https:\/\/www.egemtv.com\/index.php?rest_route=\/wp\/v2\/posts\/65778","targetHints":{"allow":["GET"]}}],"collection":[{"href":"https:\/\/www.egemtv.com\/index.php?rest_route=\/wp\/v2\/posts"}],"about":[{"href":"https:\/\/www.egemtv.com\/index.php?rest_route=\/wp\/v2\/types\/post"}],"author":[{"embeddable":true,"href":"https:\/\/www.egemtv.com\/index.php?rest_route=\/wp\/v2\/users\/1"}],"replies":[{"embeddable":true,"href":"https:\/\/www.egemtv.com\/index.php?rest_route=%2Fwp%2Fv2%2Fcomments&post=65778"}],"version-history":[{"count":1,"href":"https:\/\/www.egemtv.com\/index.php?rest_route=\/wp\/v2\/posts\/65778\/revisions"}],"predecessor-version":[{"id":65780,"href":"https:\/\/www.egemtv.com\/index.php?rest_route=\/wp\/v2\/posts\/65778\/revisions\/65780"}],"wp:featuredmedia":[{"embeddable":true,"href":"https:\/\/www.egemtv.com\/index.php?rest_route=\/wp\/v2\/media\/65779"}],"wp:attachment":[{"href":"https:\/\/www.egemtv.com\/index.php?rest_route=%2Fwp%2Fv2%2Fmedia&parent=65778"}],"wp:term":[{"taxonomy":"category","embeddable":true,"href":"https:\/\/www.egemtv.com\/index.php?rest_route=%2Fwp%2Fv2%2Fcategories&post=65778"},{"taxonomy":"post_tag","embeddable":true,"href":"https:\/\/www.egemtv.com\/index.php?rest_route=%2Fwp%2Fv2%2Ftags&post=65778"}],"curies":[{"name":"wp","href":"https:\/\/api.w.org\/{rel}","templated":true}]}}