{"id":65775,"date":"2025-11-04T16:15:17","date_gmt":"2025-11-04T13:15:17","guid":{"rendered":"https:\/\/www.egemtv.com\/?p=65775"},"modified":"2025-11-04T16:15:18","modified_gmt":"2025-11-04T13:15:18","slug":"sokede-kizilay-haftasi-kutlandi","status":"publish","type":"post","link":"https:\/\/www.egemtv.com\/?p=65775","title":{"rendered":"S\u00f6ke\u2019de K\u0131z\u0131lay Haftas\u0131 kutland\u0131"},"content":{"rendered":"<p>Her y\u0131l 29 Ekim-4 Kas\u0131m tarihleri aras\u0131nda kutlanan K\u0131z\u0131lay Haftas\u0131, bu y\u0131l S\u00f6ke\u2019de Cumhuriyet Meydan\u0131\u2019nda d\u00fczenlenen anlaml\u0131 bir t\u00f6renle co\u015fkulu \u015fekilde kutland\u0131. \u0130l\u00e7e protokol\u00fc, \u00f6\u011frenciler, \u00f6\u011fretmenler, veliler, g\u00f6n\u00fcll\u00fcler ve \u00e7ok say\u0131da vatanda\u015f\u0131n kat\u0131l\u0131m\u0131yla ger\u00e7ekle\u015fen etkinlikte iyilik ve merhamet mesajlar\u0131 verildi.<\/p>\n<p>Sayg\u0131 duru\u015fu ve \u0130stiklal Mar\u015f\u0131 ile ba\u015flayan t\u00f6rende konu\u015fan K\u0131z\u0131lay S\u00f6ke \u015eube Ba\u015fkan\u0131 Funda \u00d6zt\u00fcrk, K\u0131z\u0131lay\u2019\u0131n sadece bir yard\u0131m kurulu\u015fu de\u011fil, insanl\u0131\u011f\u0131n ortak vicdan\u0131 oldu\u011funu vurgulad\u0131.<\/p>\n<p>&#8220;K\u0131z\u0131lay, bir afetin ortas\u0131nda uzanan yard\u0131m eli, bir \u00e7ocu\u011fun g\u00fcl\u00fc\u015f\u00fcnde umut, bir kan ba\u011f\u0131\u015f\u0131nda yeniden atan kalptir&#8221; diyen Funda \u00d6zt\u00fcrk, g\u00f6n\u00fcll\u00fcl\u00fc\u011f\u00fcn K\u0131z\u0131lay\u2019\u0131n en g\u00fc\u00e7l\u00fc y\u00f6n\u00fc oldu\u011funu ifade etti.<\/p>\n<p>K\u0131z\u0131lay S\u00f6ke \u015eube Ba\u015fkan\u0131 Funda \u00d6zt\u00fcrk, &#8220;K\u0131z\u0131lay Haftas\u0131, bir kurumun y\u0131ld\u00f6n\u00fcm\u00fcnden \u00f6te, insanl\u0131\u011f\u0131n vicdan\u0131n\u0131 ve dayan\u0131\u015fma ruhunu kutlad\u0131\u011f\u0131m\u0131z \u00f6zel bir haftad\u0131r. 1868\u2019den bu yana iyili\u011fin simgesi olan K\u0131z\u0131lay, bug\u00fcn de d\u00fcnyan\u0131n d\u00f6rt bir yan\u0131nda yard\u0131ma muhta\u00e7 insanlar\u0131n umudu olmaya devam ediyor. G\u00f6n\u00fcll\u00fc olmak; ba\u015fkas\u0131n\u0131n ac\u0131s\u0131n\u0131 kendi ac\u0131s\u0131 gibi hissetmektir. K\u0131z\u0131lay var olduk\u00e7a, iyilik hep var olacakt\u0131r&#8221; dedi.<\/p>\n<p>T\u00f6rene S\u00f6ke Kaymakam\u0131 Ali Ak\u00e7a, K\u0131z\u0131lay Ayd\u0131n \u0130l Ba\u015fkan\u0131 Sefa \u015e\u0131k, \u0130l\u00e7e Milli E\u011fitim M\u00fcd\u00fcr\u00fc \u015eerafettin Yap\u0131c\u0131, Garnizon Komutan\u0131 Top\u00e7u Albay Ozan Y\u0131lmaz, \u0130l\u00e7e Emniyet M\u00fcd\u00fcr\u00fc Fatih \u00c7etinkaya, \u015eehit Aileleri ve Gaziler Derne\u011fi Ba\u015fkan\u0131 Abdullah K\u00f6ksal, Muhtarlar Derne\u011fi Ba\u015fkan\u0131 Ali \u00c7\u0131tak ile \u00e7ok say\u0131da \u00f6\u011fretmen, \u00f6\u011frenci ve g\u00f6n\u00fcll\u00fc kat\u0131ld\u0131.<\/p>\n<p>\u00d6\u011frencilerin K\u0131z\u0131lay temal\u0131 \u015fiirleri ve g\u00f6sterileriyle renklenen t\u00f6ren, duygusal ve gururlu anlara sahne oldu. Program\u0131n sonunda vatanda\u015flara K\u0131z\u0131lay\u2019\u0131n faaliyetlerini tan\u0131tan bro\u015f\u00fcrler ve k\u00fc\u00e7\u00fck hediyeler da\u011f\u0131t\u0131ld\u0131.<br \/><\/p>\n","protected":false},"excerpt":{"rendered":"<p>Her y\u0131l 29 Ekim-4 Kas\u0131m tarihleri aras\u0131nda kutlanan K\u0131z\u0131lay Haftas\u0131, bu y\u0131l S\u00f6ke\u2019de Cumhuriyet Meydan\u0131\u2019nda d\u00fczenlenen anlaml\u0131 bir t\u00f6renle co\u015fkulu \u015fekilde kutland\u0131. \u0130l\u00e7e protokol\u00fc, \u00f6\u011frenciler, \u00f6\u011fretmenler, veliler, g\u00f6n\u00fcll\u00fcler ve \u00e7ok say\u0131da vatanda\u015f\u0131n kat\u0131l\u0131m\u0131yla ger\u00e7ekle\u015fen etkinlikte iyilik ve merhamet mesajlar\u0131 verildi. Sayg\u0131 duru\u015fu ve \u0130stiklal Mar\u015f\u0131 ile ba\u015flayan t\u00f6rende konu\u015fan K\u0131z\u0131lay S\u00f6ke \u015eube Ba\u015fkan\u0131 Funda \u00d6zt\u00fcrk,&#8230;<\/p>\n","protected":false},"author":1,"featured_media":65776,"comment_status":"open","ping_status":"open","sticky":false,"template":"","format":"standard","meta":{"_crdt_document":"","footnotes":""},"categories":[1],"tags":[],"class_list":["post-65775","post","type-post","status-publish","format-standard","has-post-thumbnail","hentry","category-guncel"],"_links":{"self":[{"href":"https:\/\/www.egemtv.com\/index.php?rest_route=\/wp\/v2\/posts\/65775","targetHints":{"allow":["GET"]}}],"collection":[{"href":"https:\/\/www.egemtv.com\/index.php?rest_route=\/wp\/v2\/posts"}],"about":[{"href":"https:\/\/www.egemtv.com\/index.php?rest_route=\/wp\/v2\/types\/post"}],"author":[{"embeddable":true,"href":"https:\/\/www.egemtv.com\/index.php?rest_route=\/wp\/v2\/users\/1"}],"replies":[{"embeddable":true,"href":"https:\/\/www.egemtv.com\/index.php?rest_route=%2Fwp%2Fv2%2Fcomments&post=65775"}],"version-history":[{"count":1,"href":"https:\/\/www.egemtv.com\/index.php?rest_route=\/wp\/v2\/posts\/65775\/revisions"}],"predecessor-version":[{"id":65777,"href":"https:\/\/www.egemtv.com\/index.php?rest_route=\/wp\/v2\/posts\/65775\/revisions\/65777"}],"wp:featuredmedia":[{"embeddable":true,"href":"https:\/\/www.egemtv.com\/index.php?rest_route=\/wp\/v2\/media\/65776"}],"wp:attachment":[{"href":"https:\/\/www.egemtv.com\/index.php?rest_route=%2Fwp%2Fv2%2Fmedia&parent=65775"}],"wp:term":[{"taxonomy":"category","embeddable":true,"href":"https:\/\/www.egemtv.com\/index.php?rest_route=%2Fwp%2Fv2%2Fcategories&post=65775"},{"taxonomy":"post_tag","embeddable":true,"href":"https:\/\/www.egemtv.com\/index.php?rest_route=%2Fwp%2Fv2%2Ftags&post=65775"}],"curies":[{"name":"wp","href":"https:\/\/api.w.org\/{rel}","templated":true}]}}