{"id":65772,"date":"2025-11-04T15:55:02","date_gmt":"2025-11-04T12:55:02","guid":{"rendered":"https:\/\/www.egemtv.com\/?p=65772"},"modified":"2025-11-04T15:55:04","modified_gmt":"2025-11-04T12:55:04","slug":"baskan-zencirci-genclerimizin-sesine-kulak-veriyoruz","status":"publish","type":"post","link":"https:\/\/www.egemtv.com\/?p=65772","title":{"rendered":"Ba\u015fkan Zencirci: &#8220;Gen\u00e7lerimizin sesine kulak veriyoruz&#8221;"},"content":{"rendered":"<p>AD\u00dc Germencik Yamant\u00fcrk MYO \u00f6\u011frencileriyle bir araya gelerek gen\u00e7lerin talep ve \u00f6nerilerini dinleyen Germencik Belediye Ba\u015fkan\u0131 Burak Zencirci; &#8220;Gen\u00e7lerimizin sesine kulak veriyoruz&#8221; dedi.<\/p>\n<p>Ayd\u0131n Adnan Menderes \u00dcniversitesi (AD\u00dc) Germencik Yamant\u00fcrk Meslek Y\u00fcksekokulu\u2019nda \u00f6\u011frencilerle bir araya gelen Germencik Belediye Ba\u015fkan\u0131 Burak Zencirci, gen\u00e7lerin taleplerini ve d\u00fc\u015f\u00fcncelerini dinledi. Samimi bir ortamda ger\u00e7ekle\u015fen bulu\u015fmada \u00f6\u011frenciler, bar\u0131nmadan ula\u015f\u0131ma, sosyal ya\u015famdan kamp\u00fcs imkanlar\u0131na kadar bir\u00e7ok konuda g\u00f6r\u00fc\u015flerini payla\u015ft\u0131.<\/p>\n<p>Zencirci, gen\u00e7lerin fikirlerinin kendileri i\u00e7in \u00e7ok k\u0131ymetli oldu\u011funu belirterek, &#8220;Ayd\u0131n Adnan Menderes \u00dcniversitesi Germencik Yamant\u00fcrk Meslek Y\u00fcksekokulu\u2019nda gen\u00e7lerimizle bulu\u015ftuk. Samimi bir ortamda ger\u00e7ekle\u015fen g\u00f6r\u00fc\u015fmede onlar\u0131n sesine kulak verdik, notlar\u0131m\u0131z\u0131 ald\u0131k. Bar\u0131nmadan ula\u015f\u0131ma, sosyal ya\u015famdan kamp\u00fcs imkanlar\u0131na kadar her konuda d\u00fc\u015f\u00fcncelerini payla\u015ft\u0131lar. Gen\u00e7lerimizin samimiyeti ve enerjisiyle dolu dolu bir g\u00fcn ya\u015fad\u0131k. Ziyaretimizde bizleri misafir eden de\u011ferli Okul M\u00fcd\u00fcr\u00fcm\u00fcz Dr. Mesut Ekmek\u00e7i hocam\u0131za ve k\u0131ymetli \u00f6\u011frencilerimize nazik misafirperverlikleri i\u00e7in g\u00f6n\u00fclden te\u015fekk\u00fcr ediyorum. E\u011fitim alan\u0131nda il\u00e7emiz i\u00e7in b\u00fcy\u00fck \u00f6nem ta\u015f\u0131yan Meslek Y\u00fcksekokulumuzun geli\u015fimi ad\u0131na her zaman destek olmaya devam edece\u011fiz&#8221; dedi.<br \/><\/p>\n","protected":false},"excerpt":{"rendered":"<p>AD\u00dc Germencik Yamant\u00fcrk MYO \u00f6\u011frencileriyle bir araya gelerek gen\u00e7lerin talep ve \u00f6nerilerini dinleyen Germencik Belediye Ba\u015fkan\u0131 Burak Zencirci; &#8220;Gen\u00e7lerimizin sesine kulak veriyoruz&#8221; dedi. Ayd\u0131n Adnan Menderes \u00dcniversitesi (AD\u00dc) Germencik Yamant\u00fcrk Meslek Y\u00fcksekokulu\u2019nda \u00f6\u011frencilerle bir araya gelen Germencik Belediye Ba\u015fkan\u0131 Burak Zencirci, gen\u00e7lerin taleplerini ve d\u00fc\u015f\u00fcncelerini dinledi. Samimi bir ortamda ger\u00e7ekle\u015fen bulu\u015fmada \u00f6\u011frenciler, bar\u0131nmadan ula\u015f\u0131ma, sosyal&#8230;<\/p>\n","protected":false},"author":1,"featured_media":65773,"comment_status":"open","ping_status":"open","sticky":false,"template":"","format":"standard","meta":{"_crdt_document":"","footnotes":""},"categories":[1],"tags":[],"class_list":["post-65772","post","type-post","status-publish","format-standard","has-post-thumbnail","hentry","category-guncel"],"_links":{"self":[{"href":"https:\/\/www.egemtv.com\/index.php?rest_route=\/wp\/v2\/posts\/65772","targetHints":{"allow":["GET"]}}],"collection":[{"href":"https:\/\/www.egemtv.com\/index.php?rest_route=\/wp\/v2\/posts"}],"about":[{"href":"https:\/\/www.egemtv.com\/index.php?rest_route=\/wp\/v2\/types\/post"}],"author":[{"embeddable":true,"href":"https:\/\/www.egemtv.com\/index.php?rest_route=\/wp\/v2\/users\/1"}],"replies":[{"embeddable":true,"href":"https:\/\/www.egemtv.com\/index.php?rest_route=%2Fwp%2Fv2%2Fcomments&post=65772"}],"version-history":[{"count":1,"href":"https:\/\/www.egemtv.com\/index.php?rest_route=\/wp\/v2\/posts\/65772\/revisions"}],"predecessor-version":[{"id":65774,"href":"https:\/\/www.egemtv.com\/index.php?rest_route=\/wp\/v2\/posts\/65772\/revisions\/65774"}],"wp:featuredmedia":[{"embeddable":true,"href":"https:\/\/www.egemtv.com\/index.php?rest_route=\/wp\/v2\/media\/65773"}],"wp:attachment":[{"href":"https:\/\/www.egemtv.com\/index.php?rest_route=%2Fwp%2Fv2%2Fmedia&parent=65772"}],"wp:term":[{"taxonomy":"category","embeddable":true,"href":"https:\/\/www.egemtv.com\/index.php?rest_route=%2Fwp%2Fv2%2Fcategories&post=65772"},{"taxonomy":"post_tag","embeddable":true,"href":"https:\/\/www.egemtv.com\/index.php?rest_route=%2Fwp%2Fv2%2Ftags&post=65772"}],"curies":[{"name":"wp","href":"https:\/\/api.w.org\/{rel}","templated":true}]}}