{"id":65766,"date":"2025-11-04T15:54:57","date_gmt":"2025-11-04T12:54:57","guid":{"rendered":"https:\/\/www.egemtv.com\/?p=65766"},"modified":"2025-11-04T15:54:58","modified_gmt":"2025-11-04T12:54:58","slug":"saglikli-yasam-merkezi-ogrencilerin-ilgi-odagi-oldu","status":"publish","type":"post","link":"https:\/\/www.egemtv.com\/?p=65766","title":{"rendered":"Sa\u011fl\u0131kl\u0131 Ya\u015fam Merkezi, \u00f6\u011frencilerin ilgi oda\u011f\u0131 oldu"},"content":{"rendered":"<p>Yenipazar Belediyesi b\u00fcnyesinde hizmet veren Sa\u011fl\u0131kl\u0131 Ya\u015fam Merkezi, il\u00e7ede ya\u015fayan kad\u0131nlar\u0131n yan\u0131 s\u0131ra \u00fcniversite \u00f6\u011frencilerinin de ilgi oda\u011f\u0131 oldu.<\/p>\n<p>A\u00e7\u0131ld\u0131\u011f\u0131 g\u00fcnden bu yana Yenipazarl\u0131 kad\u0131nlar taraf\u0131ndan b\u00fcy\u00fck ilgi g\u00f6ren ve kurslar\u0131na kat\u0131l\u0131m g\u00f6sterilen Sa\u011fl\u0131kl\u0131 Ya\u015fam Merkezi, \u00fcniversite \u00f6\u011frencilerine y\u00f6nelik de kurslar a\u00e7arak \u00f6\u011frencilerin sosyalle\u015fmesine ve sa\u011fl\u0131kl\u0131 bir hayat s\u00fcrmelerine imkan sa\u011fl\u0131yor. Merkezde a\u00e7\u0131lan pilates ve step aerobik kurslar\u0131na kat\u0131lan \u00f6\u011frencilere, Yenipazar Belediye Ba\u015fkan\u0131 Malik Ercan taraf\u0131ndan spor \u00e7antas\u0131 hediye edildi. \u00d6\u011frenciler de bu g\u00fczel merkez i\u00e7in Ba\u015fkan Ercan\u2019a te\u015fekk\u00fcr ettiler.<\/p>\n<p>AD\u00dc Yenipazar MYO ikinci s\u0131n\u0131f \u00f6\u011frencisi Bahar Do\u011fan, &#8220;Yenipazar\u2019da b\u00f6ylesine g\u00fczel merkezlerde kurslar alabilmek, spor yapabilmek \u00e7ok g\u00fczel. Sa\u011fl\u0131kl\u0131 bir ya\u015fam i\u00e7in spor \u00f6nemli. B\u00f6yle bir merkezi a\u00e7an, bizlere her zaman destek veren Belediye Ba\u015fkan\u0131 Malik Ercan\u2019a te\u015fekk\u00fcr ediyorum&#8221; dedi.<\/p>\n<p>AD\u00dc Yenipazar MYO ikinci s\u0131n\u0131f \u00f6\u011frencisi Feyza Ulus, &#8220;Burada sosyalle\u015febilmemiz a\u00e7\u0131s\u0131ndan g\u00fczel bir merkez. Yeni arkada\u015flar\u0131m\u0131zla tan\u0131\u015ft\u0131k. Spor yap\u0131yoruz haftan\u0131n iki g\u00fcn\u00fc. Bizlere \u00f6nem veren bir belediye ba\u015fkan\u0131na sahibiz. Malik Ercan\u2019a te\u015fekk\u00fcr ediyorum&#8221; ifadelerini kulland\u0131.<\/p>\n<p>AD\u00dc Yenipazar MYO birinci s\u0131n\u0131f \u00f6\u011frencisi G\u00fcm\u00fc\u015f Kartal, &#8220;Yenipazar\u2019a geleli hen\u00fcz 2 ay yeni oldu. \u0130ki ay boyunca Yenipazar Belediyesi\u2019nin \u00e7al\u0131\u015fmalar\u0131n\u0131, \u00e7abalar\u0131n\u0131 g\u00f6r\u00fcyorum. Belediye taraf\u0131ndan bir merkezin a\u00e7\u0131lmas\u0131 bizlere y\u00f6nelik kurslar a\u00e7\u0131lmas\u0131 da \u00e7ok g\u00fczel. Bizim d\u0131\u015f\u0131m\u0131zda kad\u0131nlar da buraya geliyor. Sosyalle\u015fiyoruz, spor yap\u0131yoruz ger\u00e7ekten \u00e7ok g\u00fczel. Belediye Ba\u015fkan\u0131 Malik Ercan\u2019a \u00e7ok te\u015fekk\u00fcr ediyorum&#8221; dedi.<br \/><\/p>\n","protected":false},"excerpt":{"rendered":"<p>Yenipazar Belediyesi b\u00fcnyesinde hizmet veren Sa\u011fl\u0131kl\u0131 Ya\u015fam Merkezi, il\u00e7ede ya\u015fayan kad\u0131nlar\u0131n yan\u0131 s\u0131ra \u00fcniversite \u00f6\u011frencilerinin de ilgi oda\u011f\u0131 oldu. A\u00e7\u0131ld\u0131\u011f\u0131 g\u00fcnden bu yana Yenipazarl\u0131 kad\u0131nlar taraf\u0131ndan b\u00fcy\u00fck ilgi g\u00f6ren ve kurslar\u0131na kat\u0131l\u0131m g\u00f6sterilen Sa\u011fl\u0131kl\u0131 Ya\u015fam Merkezi, \u00fcniversite \u00f6\u011frencilerine y\u00f6nelik de kurslar a\u00e7arak \u00f6\u011frencilerin sosyalle\u015fmesine ve sa\u011fl\u0131kl\u0131 bir hayat s\u00fcrmelerine imkan sa\u011fl\u0131yor. Merkezde a\u00e7\u0131lan pilates ve&#8230;<\/p>\n","protected":false},"author":1,"featured_media":65767,"comment_status":"open","ping_status":"open","sticky":false,"template":"","format":"standard","meta":{"_crdt_document":"","footnotes":""},"categories":[4],"tags":[],"class_list":["post-65766","post","type-post","status-publish","format-standard","has-post-thumbnail","hentry","category-spor"],"_links":{"self":[{"href":"https:\/\/www.egemtv.com\/index.php?rest_route=\/wp\/v2\/posts\/65766","targetHints":{"allow":["GET"]}}],"collection":[{"href":"https:\/\/www.egemtv.com\/index.php?rest_route=\/wp\/v2\/posts"}],"about":[{"href":"https:\/\/www.egemtv.com\/index.php?rest_route=\/wp\/v2\/types\/post"}],"author":[{"embeddable":true,"href":"https:\/\/www.egemtv.com\/index.php?rest_route=\/wp\/v2\/users\/1"}],"replies":[{"embeddable":true,"href":"https:\/\/www.egemtv.com\/index.php?rest_route=%2Fwp%2Fv2%2Fcomments&post=65766"}],"version-history":[{"count":1,"href":"https:\/\/www.egemtv.com\/index.php?rest_route=\/wp\/v2\/posts\/65766\/revisions"}],"predecessor-version":[{"id":65768,"href":"https:\/\/www.egemtv.com\/index.php?rest_route=\/wp\/v2\/posts\/65766\/revisions\/65768"}],"wp:featuredmedia":[{"embeddable":true,"href":"https:\/\/www.egemtv.com\/index.php?rest_route=\/wp\/v2\/media\/65767"}],"wp:attachment":[{"href":"https:\/\/www.egemtv.com\/index.php?rest_route=%2Fwp%2Fv2%2Fmedia&parent=65766"}],"wp:term":[{"taxonomy":"category","embeddable":true,"href":"https:\/\/www.egemtv.com\/index.php?rest_route=%2Fwp%2Fv2%2Fcategories&post=65766"},{"taxonomy":"post_tag","embeddable":true,"href":"https:\/\/www.egemtv.com\/index.php?rest_route=%2Fwp%2Fv2%2Ftags&post=65766"}],"curies":[{"name":"wp","href":"https:\/\/api.w.org\/{rel}","templated":true}]}}