{"id":65763,"date":"2025-11-04T15:35:07","date_gmt":"2025-11-04T12:35:07","guid":{"rendered":"https:\/\/www.egemtv.com\/?p=65763"},"modified":"2025-11-04T15:35:08","modified_gmt":"2025-11-04T12:35:08","slug":"kusadasinin-sevilen-doktoru-son-yolculuguna-ugurlandi","status":"publish","type":"post","link":"https:\/\/www.egemtv.com\/?p=65763","title":{"rendered":"Ku\u015fadas\u0131\u2019n\u0131n sevilen doktoru son yolculu\u011funa u\u011furland\u0131"},"content":{"rendered":"<p>Ayd\u0131n\u2019\u0131n Ku\u015fadas\u0131 il\u00e7esinde, yakaland\u0131\u011f\u0131 amans\u0131z hastal\u0131\u011fa yenik d\u00fc\u015fen Doktor Selda Solmaz (47) son yolculu\u011funa u\u011furland\u0131.<\/p>\n<p>Ku\u015fadas\u0131 Devlet Hastanesi\u2019nde g\u00f6revli olan Dr. Selda Solmaz d\u00fcn kanser hastal\u0131\u011f\u0131 nedeniyle tedavi g\u00f6rd\u00fc\u011f\u00fc hastanede ya\u015fam\u0131n\u0131 yitirdi. Solmaz i\u00e7in bug\u00fcn Han\u0131m Cami\u2019nde cenaze t\u00f6reni d\u00fczenlendi. T\u00f6rene Ku\u015fadas\u0131 Kaymakam\u0131 \u0130brahim Keklik, \u0130l\u00e7e Emniyet M\u00fcd\u00fcr\u00fc Rasim Demirelli, \u0130l\u00e7e Sa\u011fl\u0131k M\u00fcd\u00fcr\u00fc Doktor Ba\u015fak Durmu\u015f \u00d6zt\u00fcrk, \u0130l Sa\u011fl\u0131k M\u00fcd\u00fcrl\u00fc\u011f\u00fc yetkileri, Solmaz\u2019\u0131n sevenleri ve yak\u0131nlar\u0131 ile \u00e7ok say\u0131da \u00e7al\u0131\u015fma arkada\u015f\u0131 kat\u0131ld\u0131. T\u00f6rende Solmaz\u2019\u0131n ailesi tabutu ba\u015f\u0131nda taziyeleri kabul etti. \u00d6\u011fle vakti k\u0131l\u0131nan namaz sonras\u0131 Doktor Selda Solmaz\u2019\u0131n cenazesi Yenik\u00f6y Mahallesi \u0130kinci Mezarl\u0131\u011f\u0131\u2019na defnedildi. Ku\u015fadas\u0131 Devlet Hastanesi\u2019nde pratisyen hekim olarak g\u00f6rev yapan Doktor Selda Solmaz, daha \u00f6nce de \u0130stanbul Maltepe Altay\u00e7e\u015fme Sa\u011fl\u0131k Oca\u011f\u0131\u2019nda \u00e7al\u0131\u015fm\u0131\u015ft\u0131.<br \/><\/p>\n","protected":false},"excerpt":{"rendered":"<p>Ayd\u0131n\u2019\u0131n Ku\u015fadas\u0131 il\u00e7esinde, yakaland\u0131\u011f\u0131 amans\u0131z hastal\u0131\u011fa yenik d\u00fc\u015fen Doktor Selda Solmaz (47) son yolculu\u011funa u\u011furland\u0131. Ku\u015fadas\u0131 Devlet Hastanesi\u2019nde g\u00f6revli olan Dr. Selda Solmaz d\u00fcn kanser hastal\u0131\u011f\u0131 nedeniyle tedavi g\u00f6rd\u00fc\u011f\u00fc hastanede ya\u015fam\u0131n\u0131 yitirdi. Solmaz i\u00e7in bug\u00fcn Han\u0131m Cami\u2019nde cenaze t\u00f6reni d\u00fczenlendi. T\u00f6rene Ku\u015fadas\u0131 Kaymakam\u0131 \u0130brahim Keklik, \u0130l\u00e7e Emniyet M\u00fcd\u00fcr\u00fc Rasim Demirelli, \u0130l\u00e7e Sa\u011fl\u0131k M\u00fcd\u00fcr\u00fc Doktor Ba\u015fak&#8230;<\/p>\n","protected":false},"author":1,"featured_media":65764,"comment_status":"open","ping_status":"open","sticky":false,"template":"","format":"standard","meta":{"_crdt_document":"","footnotes":""},"categories":[1],"tags":[],"class_list":["post-65763","post","type-post","status-publish","format-standard","has-post-thumbnail","hentry","category-guncel"],"_links":{"self":[{"href":"https:\/\/www.egemtv.com\/index.php?rest_route=\/wp\/v2\/posts\/65763","targetHints":{"allow":["GET"]}}],"collection":[{"href":"https:\/\/www.egemtv.com\/index.php?rest_route=\/wp\/v2\/posts"}],"about":[{"href":"https:\/\/www.egemtv.com\/index.php?rest_route=\/wp\/v2\/types\/post"}],"author":[{"embeddable":true,"href":"https:\/\/www.egemtv.com\/index.php?rest_route=\/wp\/v2\/users\/1"}],"replies":[{"embeddable":true,"href":"https:\/\/www.egemtv.com\/index.php?rest_route=%2Fwp%2Fv2%2Fcomments&post=65763"}],"version-history":[{"count":1,"href":"https:\/\/www.egemtv.com\/index.php?rest_route=\/wp\/v2\/posts\/65763\/revisions"}],"predecessor-version":[{"id":65765,"href":"https:\/\/www.egemtv.com\/index.php?rest_route=\/wp\/v2\/posts\/65763\/revisions\/65765"}],"wp:featuredmedia":[{"embeddable":true,"href":"https:\/\/www.egemtv.com\/index.php?rest_route=\/wp\/v2\/media\/65764"}],"wp:attachment":[{"href":"https:\/\/www.egemtv.com\/index.php?rest_route=%2Fwp%2Fv2%2Fmedia&parent=65763"}],"wp:term":[{"taxonomy":"category","embeddable":true,"href":"https:\/\/www.egemtv.com\/index.php?rest_route=%2Fwp%2Fv2%2Fcategories&post=65763"},{"taxonomy":"post_tag","embeddable":true,"href":"https:\/\/www.egemtv.com\/index.php?rest_route=%2Fwp%2Fv2%2Ftags&post=65763"}],"curies":[{"name":"wp","href":"https:\/\/api.w.org\/{rel}","templated":true}]}}