{"id":65760,"date":"2025-11-04T15:14:51","date_gmt":"2025-11-04T12:14:51","guid":{"rendered":"https:\/\/www.egemtv.com\/?p=65760"},"modified":"2025-11-04T15:14:52","modified_gmt":"2025-11-04T12:14:52","slug":"vali-akbiyiktan-bagimlilikla-mucadele-vurgusu","status":"publish","type":"post","link":"https:\/\/www.egemtv.com\/?p=65760","title":{"rendered":"Vali Akb\u0131y\u0131k\u2019tan ba\u011f\u0131ml\u0131l\u0131kla m\u00fccadele vurgusu"},"content":{"rendered":"<p>Ba\u011f\u0131ml\u0131l\u0131kla M\u00fccadele \u0130l Koordinasyon Kurulu Toplant\u0131s\u0131, Mu\u011fla Valisi Dr. \u0130dris Akb\u0131y\u0131k ba\u015fkanl\u0131\u011f\u0131nda ger\u00e7ekle\u015ftirildi. Toplant\u0131da, madde ba\u011f\u0131ml\u0131l\u0131\u011f\u0131 ba\u015fta olmak \u00fczere toplum d\u00fczenini bozan her t\u00fcrl\u00fc ba\u011f\u0131ml\u0131l\u0131kla m\u00fccadele edilece\u011fi mesaj\u0131 verildi.<\/p>\n<p>Vali Dr. \u0130dris Akb\u0131y\u0131k, yapt\u0131\u011f\u0131 konu\u015fmada ba\u011f\u0131ml\u0131l\u0131\u011f\u0131n gen\u00e7leri zehirleyen, insan sa\u011fl\u0131\u011f\u0131n\u0131 tehdit eden ve toplum d\u00fczenini bozan \u00e7ok boyutlu bir sorun oldu\u011funa dikkat \u00e7ekti.<\/p>\n<p>Vali Akb\u0131y\u0131k, bu sorunun \u00e7\u00f6z\u00fcm\u00fc i\u00e7in i\u015f birli\u011finin \u00f6nemini \u015fu s\u00f6zlerle vurgulad\u0131: &#8220;Ba\u011f\u0131ml\u0131l\u0131k, toplumun t\u00fcm\u00fcn\u00fc etkileyen \u00e7ok boyutlu etkileri olan bir sorundur. Dolay\u0131s\u0131yla bu sorunun \u00e7\u00f6z\u00fclebilmesi amac\u0131yla ilimizde kamu kurum ve kurulu\u015flar\u0131yla i\u015f birli\u011fi i\u00e7erisinde ba\u011f\u0131ml\u0131l\u0131klar\u0131 engellemek i\u00e7in \u00e7al\u0131\u015fmalar y\u00fcr\u00fctmeye devam ediyoruz&#8221;<\/p>\n<p>Mu\u011fla Valisi Dr. \u0130dris Akb\u0131y\u0131k, temel hedeflerinin ba\u011f\u0131ml\u0131l\u0131ktan uzak, sa\u011fl\u0131kl\u0131, bilin\u00e7li ve g\u00fc\u00e7l\u00fc bir nesil yeti\u015ftirmek oldu\u011funu yineledi. Vali Akb\u0131y\u0131k, ba\u011f\u0131ml\u0131l\u0131kla m\u00fccadelenin sadece bir kamu politikas\u0131 de\u011fil, ayn\u0131 zamanda toplumsal bir seferberlik oldu\u011funu belirterek, m\u00fccadelede g\u00f6rev alan t\u00fcm payda\u015flara te\u015fekk\u00fcrlerini iletti.<\/p>\n<p>Toplant\u0131da, il genelinde y\u00fcr\u00fct\u00fclen ba\u011f\u0131ml\u0131l\u0131kla m\u00fccadele faaliyetlerinin mevcut durumu de\u011ferlendirildi. Kurumlar aras\u0131ndaki koordinasyonu ve i\u015f birli\u011fini daha da g\u00fc\u00e7lendirecek ad\u0131mlar isti\u015fare edilerek ortak bir m\u00fccadele haritas\u0131 belirlendi.<br \/><\/p>\n","protected":false},"excerpt":{"rendered":"<p>Ba\u011f\u0131ml\u0131l\u0131kla M\u00fccadele \u0130l Koordinasyon Kurulu Toplant\u0131s\u0131, Mu\u011fla Valisi Dr. \u0130dris Akb\u0131y\u0131k ba\u015fkanl\u0131\u011f\u0131nda ger\u00e7ekle\u015ftirildi. Toplant\u0131da, madde ba\u011f\u0131ml\u0131l\u0131\u011f\u0131 ba\u015fta olmak \u00fczere toplum d\u00fczenini bozan her t\u00fcrl\u00fc ba\u011f\u0131ml\u0131l\u0131kla m\u00fccadele edilece\u011fi mesaj\u0131 verildi. Vali Dr. \u0130dris Akb\u0131y\u0131k, yapt\u0131\u011f\u0131 konu\u015fmada ba\u011f\u0131ml\u0131l\u0131\u011f\u0131n gen\u00e7leri zehirleyen, insan sa\u011fl\u0131\u011f\u0131n\u0131 tehdit eden ve toplum d\u00fczenini bozan \u00e7ok boyutlu bir sorun oldu\u011funa dikkat \u00e7ekti. Vali Akb\u0131y\u0131k,&#8230;<\/p>\n","protected":false},"author":1,"featured_media":65761,"comment_status":"open","ping_status":"open","sticky":false,"template":"","format":"standard","meta":{"_crdt_document":"","footnotes":""},"categories":[1],"tags":[],"class_list":["post-65760","post","type-post","status-publish","format-standard","has-post-thumbnail","hentry","category-guncel"],"_links":{"self":[{"href":"https:\/\/www.egemtv.com\/index.php?rest_route=\/wp\/v2\/posts\/65760","targetHints":{"allow":["GET"]}}],"collection":[{"href":"https:\/\/www.egemtv.com\/index.php?rest_route=\/wp\/v2\/posts"}],"about":[{"href":"https:\/\/www.egemtv.com\/index.php?rest_route=\/wp\/v2\/types\/post"}],"author":[{"embeddable":true,"href":"https:\/\/www.egemtv.com\/index.php?rest_route=\/wp\/v2\/users\/1"}],"replies":[{"embeddable":true,"href":"https:\/\/www.egemtv.com\/index.php?rest_route=%2Fwp%2Fv2%2Fcomments&post=65760"}],"version-history":[{"count":1,"href":"https:\/\/www.egemtv.com\/index.php?rest_route=\/wp\/v2\/posts\/65760\/revisions"}],"predecessor-version":[{"id":65762,"href":"https:\/\/www.egemtv.com\/index.php?rest_route=\/wp\/v2\/posts\/65760\/revisions\/65762"}],"wp:featuredmedia":[{"embeddable":true,"href":"https:\/\/www.egemtv.com\/index.php?rest_route=\/wp\/v2\/media\/65761"}],"wp:attachment":[{"href":"https:\/\/www.egemtv.com\/index.php?rest_route=%2Fwp%2Fv2%2Fmedia&parent=65760"}],"wp:term":[{"taxonomy":"category","embeddable":true,"href":"https:\/\/www.egemtv.com\/index.php?rest_route=%2Fwp%2Fv2%2Fcategories&post=65760"},{"taxonomy":"post_tag","embeddable":true,"href":"https:\/\/www.egemtv.com\/index.php?rest_route=%2Fwp%2Fv2%2Ftags&post=65760"}],"curies":[{"name":"wp","href":"https:\/\/api.w.org\/{rel}","templated":true}]}}