{"id":65757,"date":"2025-11-04T15:14:49","date_gmt":"2025-11-04T12:14:49","guid":{"rendered":"https:\/\/www.egemtv.com\/?p=65757"},"modified":"2025-11-04T15:14:50","modified_gmt":"2025-11-04T12:14:50","slug":"nazillide-dis-klinigi-kirsalda-mobil-klinikler-hizmete-giriyor","status":"publish","type":"post","link":"https:\/\/www.egemtv.com\/?p=65757","title":{"rendered":"Nazilli\u2019de di\u015f klini\u011fi, k\u0131rsalda mobil klinikler hizmete giriyor"},"content":{"rendered":"<p>Ayd\u0131n B\u00fcy\u00fck\u015fehir Belediyesi, Nazilli\u2019de kuraca\u011f\u0131 modern di\u015f klini\u011fi ve mobil di\u015f sa\u011fl\u0131\u011f\u0131 arac\u0131yla vatanda\u015flara yerinde tedavi imkan\u0131 sunarken, \u00f6zellikle k\u0131rsalda ya\u015fayanlar art\u0131k di\u015f tedavisi i\u00e7in kent merkezine gitmek zorunda kalmayacak.<\/p>\n<p>Ayd\u0131n B\u00fcy\u00fck\u015fehir Belediyesi, Nazilli\u2019de a\u00e7aca\u011f\u0131 di\u015f klini\u011fi ve k\u0131rsal mahallelere ula\u015facak mobil di\u015f sa\u011fl\u0131\u011f\u0131 hizmetiyle vatanda\u015flar\u0131n sa\u011fl\u0131\u011f\u0131na yat\u0131r\u0131m yap\u0131yor. Nazilli\u2019de hizmete a\u00e7\u0131lacak &#8220;Di\u015f Klini\u011fi&#8221; ile k\u0131rsal mahallelerde vatanda\u015flara ula\u015facak, &#8220;Mobil Di\u015f Sa\u011fl\u0131\u011f\u0131 Hizmetleri&#8221; i\u00e7in imzalar at\u0131ld\u0131. Proje ile B\u00fcy\u00fck\u015fehir Belediyesi, di\u015f sa\u011fl\u0131\u011f\u0131 alan\u0131nda da vatanda\u015flar\u0131n yan\u0131nda olacak. Modern donan\u0131ma sahip di\u015f klini\u011fi ile Ayd\u0131nl\u0131lar\u0131n tedavi s\u00fcre\u00e7leri \u00e7ok daha h\u0131zl\u0131 ve eri\u015filebilir hale gelirken, mobil hizmet arac\u0131yla \u00f6zellikle k\u0131rsal mahallelerde ya\u015fayan vatanda\u015flara yerinde hizmet sa\u011flanacak. B\u00f6ylelikle Ayd\u0131n B\u00fcy\u00fck\u015fehir Belediyesi, sa\u011fl\u0131k hizmetlerini vatanda\u015f\u0131n aya\u011f\u0131na g\u00f6t\u00fcrm\u00fc\u015f olacak. K\u0131sa s\u00fcre i\u00e7erisinde hizmete ba\u015flayacak olan proje i\u00e7in Ayd\u0131n B\u00fcy\u00fck\u015fehir Belediye Ba\u015fkan \u00d6zlem \u00c7er\u00e7io\u011flu ile Ayd\u0131n \u0130l Sa\u011fl\u0131k M\u00fcd\u00fcr\u00fc Dr. Eser \u015eenkul haz\u0131rlanan protokol\u00fc imzalad\u0131.<\/p>\n<p>Proje ile vatanda\u015flar\u0131n di\u015f sa\u011fl\u0131\u011f\u0131 konusunda da yanlar\u0131nda olacaklar\u0131n\u0131 belirten Ba\u015fkan \u00c7er\u00e7io\u011flu, &#8220;Ayd\u0131nl\u0131lar\u0131n sa\u011fl\u0131\u011f\u0131 her \u015feyden \u00f6nemli. Nazilli\u2019de a\u00e7aca\u011f\u0131m\u0131z Di\u015f Klini\u011fi ve ba\u015flataca\u011f\u0131m\u0131z mobil di\u015f sa\u011fl\u0131\u011f\u0131 hizmetimizle, \u00f6zellikle k\u0131rsalda ya\u015fayan vatanda\u015flar\u0131m\u0131z\u0131 uzun yol zahmetinden kurtaraca\u011f\u0131z. Ayd\u0131nl\u0131lar art\u0131k di\u015f sa\u011fl\u0131\u011f\u0131 i\u00e7in kent merkezine gitmek zorunda kalmayacak. Ayd\u0131n\u2019\u0131 daha sa\u011fl\u0131kl\u0131, daha ya\u015fanabilir bir kent yapmak i\u00e7in \u00e7al\u0131\u015fmaya devam edece\u011fiz&#8221; ifadelerini kulland\u0131.<\/p>\n<p>Vatanda\u015flar\u0131n her zaman yan\u0131nda olduklar\u0131n\u0131 belirten Ba\u015fkan \u00c7er\u00e7io\u011flu, Ayd\u0131n B\u00fcy\u00fck\u015fehir Belediyesi\u2019nin yeni projelerle kente de\u011fer katmay\u0131 s\u00fcrd\u00fcrece\u011fini s\u00f6yledi.<br \/><\/p>\n","protected":false},"excerpt":{"rendered":"<p>Ayd\u0131n B\u00fcy\u00fck\u015fehir Belediyesi, Nazilli\u2019de kuraca\u011f\u0131 modern di\u015f klini\u011fi ve mobil di\u015f sa\u011fl\u0131\u011f\u0131 arac\u0131yla vatanda\u015flara yerinde tedavi imkan\u0131 sunarken, \u00f6zellikle k\u0131rsalda ya\u015fayanlar art\u0131k di\u015f tedavisi i\u00e7in kent merkezine gitmek zorunda kalmayacak. Ayd\u0131n B\u00fcy\u00fck\u015fehir Belediyesi, Nazilli\u2019de a\u00e7aca\u011f\u0131 di\u015f klini\u011fi ve k\u0131rsal mahallelere ula\u015facak mobil di\u015f sa\u011fl\u0131\u011f\u0131 hizmetiyle vatanda\u015flar\u0131n sa\u011fl\u0131\u011f\u0131na yat\u0131r\u0131m yap\u0131yor. Nazilli\u2019de hizmete a\u00e7\u0131lacak &#8220;Di\u015f Klini\u011fi&#8221; ile&#8230;<\/p>\n","protected":false},"author":1,"featured_media":65758,"comment_status":"open","ping_status":"open","sticky":false,"template":"","format":"standard","meta":{"_crdt_document":"","footnotes":""},"categories":[2],"tags":[],"class_list":["post-65757","post","type-post","status-publish","format-standard","has-post-thumbnail","hentry","category-saglik"],"_links":{"self":[{"href":"https:\/\/www.egemtv.com\/index.php?rest_route=\/wp\/v2\/posts\/65757","targetHints":{"allow":["GET"]}}],"collection":[{"href":"https:\/\/www.egemtv.com\/index.php?rest_route=\/wp\/v2\/posts"}],"about":[{"href":"https:\/\/www.egemtv.com\/index.php?rest_route=\/wp\/v2\/types\/post"}],"author":[{"embeddable":true,"href":"https:\/\/www.egemtv.com\/index.php?rest_route=\/wp\/v2\/users\/1"}],"replies":[{"embeddable":true,"href":"https:\/\/www.egemtv.com\/index.php?rest_route=%2Fwp%2Fv2%2Fcomments&post=65757"}],"version-history":[{"count":1,"href":"https:\/\/www.egemtv.com\/index.php?rest_route=\/wp\/v2\/posts\/65757\/revisions"}],"predecessor-version":[{"id":65759,"href":"https:\/\/www.egemtv.com\/index.php?rest_route=\/wp\/v2\/posts\/65757\/revisions\/65759"}],"wp:featuredmedia":[{"embeddable":true,"href":"https:\/\/www.egemtv.com\/index.php?rest_route=\/wp\/v2\/media\/65758"}],"wp:attachment":[{"href":"https:\/\/www.egemtv.com\/index.php?rest_route=%2Fwp%2Fv2%2Fmedia&parent=65757"}],"wp:term":[{"taxonomy":"category","embeddable":true,"href":"https:\/\/www.egemtv.com\/index.php?rest_route=%2Fwp%2Fv2%2Fcategories&post=65757"},{"taxonomy":"post_tag","embeddable":true,"href":"https:\/\/www.egemtv.com\/index.php?rest_route=%2Fwp%2Fv2%2Ftags&post=65757"}],"curies":[{"name":"wp","href":"https:\/\/api.w.org\/{rel}","templated":true}]}}