{"id":65754,"date":"2025-11-04T15:14:47","date_gmt":"2025-11-04T12:14:47","guid":{"rendered":"https:\/\/www.egemtv.com\/?p=65754"},"modified":"2025-11-04T15:14:49","modified_gmt":"2025-11-04T12:14:49","slug":"dikis-makinesi-ile-gurultu-yaptigi-iddia-edilen-sahis-afisle-uyarildi","status":"publish","type":"post","link":"https:\/\/www.egemtv.com\/?p=65754","title":{"rendered":"Diki\u015f makinesi ile g\u00fcr\u00fclt\u00fc yapt\u0131\u011f\u0131 iddia edilen \u015fah\u0131s afi\u015fle uyar\u0131ld\u0131"},"content":{"rendered":"<p>Ayd\u0131n\u2019\u0131n S\u00f6ke il\u00e7esinde mahalle sakinleri gece saatlerinde diki\u015f makinesi kullanarak g\u00fcr\u00fclt\u00fc yapt\u0131\u011f\u0131 iddia edilen \u015fahs\u0131 afi\u015fle uyard\u0131.<\/p>\n<p>S\u00f6ke\u2019nin Atat\u00fcrk Mahallesi\u2019nde gece sessizli\u011fini bozan &#8220;diki\u015f makinesi&#8221; g\u00fcndem oldu. Mahallenin Senar Sokak\u2019ta bulunan sakinlerinden biri g\u00fcr\u00fclt\u00fc yap\u0131nca, sokak sakinleri bu ki\u015fiyi aramaya ba\u015flad\u0131. Mahalle sakinlerinden bir ki\u015fi soka\u011f\u0131n ba\u015f\u0131na, &#8220;Senar Sokak civar\u0131 b\u00fct\u00fcn gece diki\u015f makinesi kullanan var. Ses ve \u00e7\u0131karm\u0131\u015f oldu\u011fu seslerden \u00f6t\u00fcr\u00fc rahats\u0131zl\u0131k vermektedir. Bulundu\u011fu takdirde idari para cezas\u0131na \u00e7arpt\u0131r\u0131lacakt\u0131r&#8221; yaz\u0131l\u0131 bir afi\u015f yap\u0131\u015ft\u0131rd\u0131.<\/p>\n<p>Atat\u00fcrk Mahallesi Muhtar\u0131 Arda Canbul da sosyal medya hesab\u0131nda bu afi\u015fin yer ald\u0131\u011f\u0131 foto\u011fraf\u0131 payla\u015ft\u0131. Muhtar Arda Canbul, &#8220;Atat\u00fcrk Mahallesi Senar Sokak ve \u00e7evresinde gece ge\u00e7 saatlerde diki\u015f makinesi kullan\u0131m\u0131 nedeniyle \u00e7evreye rahats\u0131zl\u0131k veren g\u00fcr\u00fclt\u00fclerle ilgili \u015fikayetler al\u0131nmaktad\u0131r. Bir mahalle sakinimiz de bununla ilgili \u015fikayetini panoya yaz\u0131 asarak dile getirmi\u015f. Unutmayal\u0131m ki hepimiz ayn\u0131 mahallede ya\u015f\u0131yoruz. Gece saatlerinde sessizli\u011fi korumak, kom\u015fuluk hakk\u0131n\u0131n en \u00f6nemli gere\u011fidir. 22.00 &#8211; 07.00 saatleri aras\u0131nda y\u00fcksek ses \u00e7\u0131karan cihazlar\u0131n kullan\u0131m\u0131ndan ka\u00e7\u0131nal\u0131m&#8221; ifadelerini kulland\u0131. Canbul, payla\u015f\u0131m\u0131na, &#8220;G\u00fcr\u00fclt\u00fcye sebep olanlara idari para cezas\u0131 uygulanabilece\u011fini hat\u0131rlat\u0131r\u0131z&#8221; notunu da ekledi.<br \/><\/p>\n","protected":false},"excerpt":{"rendered":"<p>Ayd\u0131n\u2019\u0131n S\u00f6ke il\u00e7esinde mahalle sakinleri gece saatlerinde diki\u015f makinesi kullanarak g\u00fcr\u00fclt\u00fc yapt\u0131\u011f\u0131 iddia edilen \u015fahs\u0131 afi\u015fle uyard\u0131. S\u00f6ke\u2019nin Atat\u00fcrk Mahallesi\u2019nde gece sessizli\u011fini bozan &#8220;diki\u015f makinesi&#8221; g\u00fcndem oldu. Mahallenin Senar Sokak\u2019ta bulunan sakinlerinden biri g\u00fcr\u00fclt\u00fc yap\u0131nca, sokak sakinleri bu ki\u015fiyi aramaya ba\u015flad\u0131. Mahalle sakinlerinden bir ki\u015fi soka\u011f\u0131n ba\u015f\u0131na, &#8220;Senar Sokak civar\u0131 b\u00fct\u00fcn gece diki\u015f makinesi kullanan&#8230;<\/p>\n","protected":false},"author":1,"featured_media":65755,"comment_status":"open","ping_status":"open","sticky":false,"template":"","format":"standard","meta":{"_crdt_document":"","footnotes":""},"categories":[1],"tags":[],"class_list":["post-65754","post","type-post","status-publish","format-standard","has-post-thumbnail","hentry","category-guncel"],"_links":{"self":[{"href":"https:\/\/www.egemtv.com\/index.php?rest_route=\/wp\/v2\/posts\/65754","targetHints":{"allow":["GET"]}}],"collection":[{"href":"https:\/\/www.egemtv.com\/index.php?rest_route=\/wp\/v2\/posts"}],"about":[{"href":"https:\/\/www.egemtv.com\/index.php?rest_route=\/wp\/v2\/types\/post"}],"author":[{"embeddable":true,"href":"https:\/\/www.egemtv.com\/index.php?rest_route=\/wp\/v2\/users\/1"}],"replies":[{"embeddable":true,"href":"https:\/\/www.egemtv.com\/index.php?rest_route=%2Fwp%2Fv2%2Fcomments&post=65754"}],"version-history":[{"count":1,"href":"https:\/\/www.egemtv.com\/index.php?rest_route=\/wp\/v2\/posts\/65754\/revisions"}],"predecessor-version":[{"id":65756,"href":"https:\/\/www.egemtv.com\/index.php?rest_route=\/wp\/v2\/posts\/65754\/revisions\/65756"}],"wp:featuredmedia":[{"embeddable":true,"href":"https:\/\/www.egemtv.com\/index.php?rest_route=\/wp\/v2\/media\/65755"}],"wp:attachment":[{"href":"https:\/\/www.egemtv.com\/index.php?rest_route=%2Fwp%2Fv2%2Fmedia&parent=65754"}],"wp:term":[{"taxonomy":"category","embeddable":true,"href":"https:\/\/www.egemtv.com\/index.php?rest_route=%2Fwp%2Fv2%2Fcategories&post=65754"},{"taxonomy":"post_tag","embeddable":true,"href":"https:\/\/www.egemtv.com\/index.php?rest_route=%2Fwp%2Fv2%2Ftags&post=65754"}],"curies":[{"name":"wp","href":"https:\/\/api.w.org\/{rel}","templated":true}]}}