{"id":65751,"date":"2025-11-04T15:14:45","date_gmt":"2025-11-04T12:14:45","guid":{"rendered":"https:\/\/www.egemtv.com\/?p=65751"},"modified":"2025-11-04T15:14:46","modified_gmt":"2025-11-04T12:14:46","slug":"baskan-arikan-komutanlari-agirladi","status":"publish","type":"post","link":"https:\/\/www.egemtv.com\/?p=65751","title":{"rendered":"Ba\u015fkan Ar\u0131kan, komutanlar\u0131 a\u011f\u0131rlad\u0131"},"content":{"rendered":"<p>S\u00f6ke Garnizon Komutan\u0131 Top\u00e7u Albay Ozan Y\u0131lmaz ve S\u00f6ke \u0130l\u00e7e Jandarma Komutan\u0131 \u00dcste\u011fmen Fatih Fu\u00e7ular, S\u00f6ke Belediye Ba\u015fkan\u0131 Dr. Mustafa \u0130berya Ar\u0131kan\u2019\u0131 makam\u0131nda ziyaret etti.<\/p>\n<p>Ger\u00e7ekle\u015fen nezaket ziyaretinde kar\u015f\u0131l\u0131kl\u0131 fikir al\u0131\u015fveri\u015finde bulunulurken, kurumlar aras\u0131 i\u015f birli\u011finin \u00f6nemi \u00fczerine de\u011ferlendirmeler yap\u0131ld\u0131. Ziyaretten duydu\u011fu memnuniyeti dile getiren Ba\u015fkan Ar\u0131kan, &#8220;Kentimiz i\u00e7in g\u00f6rev yapan t\u00fcm kurumlar\u0131m\u0131zla uyum ve dayan\u0131\u015fma i\u00e7erisinde \u00e7al\u0131\u015fmaya devam edece\u011fiz&#8221; dedi. Ba\u015fkan Ar\u0131kan, Komutanlar\u0131n ziyaretinden duydu\u011fu memnuniyeti dile getirdi.<br \/><\/p>\n","protected":false},"excerpt":{"rendered":"<p>S\u00f6ke Garnizon Komutan\u0131 Top\u00e7u Albay Ozan Y\u0131lmaz ve S\u00f6ke \u0130l\u00e7e Jandarma Komutan\u0131 \u00dcste\u011fmen Fatih Fu\u00e7ular, S\u00f6ke Belediye Ba\u015fkan\u0131 Dr. Mustafa \u0130berya Ar\u0131kan\u2019\u0131 makam\u0131nda ziyaret etti. Ger\u00e7ekle\u015fen nezaket ziyaretinde kar\u015f\u0131l\u0131kl\u0131 fikir al\u0131\u015fveri\u015finde bulunulurken, kurumlar aras\u0131 i\u015f birli\u011finin \u00f6nemi \u00fczerine de\u011ferlendirmeler yap\u0131ld\u0131. Ziyaretten duydu\u011fu memnuniyeti dile getiren Ba\u015fkan Ar\u0131kan, &#8220;Kentimiz i\u00e7in g\u00f6rev yapan t\u00fcm kurumlar\u0131m\u0131zla uyum ve&#8230;<\/p>\n","protected":false},"author":1,"featured_media":65752,"comment_status":"open","ping_status":"open","sticky":false,"template":"","format":"standard","meta":{"_crdt_document":"","footnotes":""},"categories":[1],"tags":[],"class_list":["post-65751","post","type-post","status-publish","format-standard","has-post-thumbnail","hentry","category-guncel"],"_links":{"self":[{"href":"https:\/\/www.egemtv.com\/index.php?rest_route=\/wp\/v2\/posts\/65751","targetHints":{"allow":["GET"]}}],"collection":[{"href":"https:\/\/www.egemtv.com\/index.php?rest_route=\/wp\/v2\/posts"}],"about":[{"href":"https:\/\/www.egemtv.com\/index.php?rest_route=\/wp\/v2\/types\/post"}],"author":[{"embeddable":true,"href":"https:\/\/www.egemtv.com\/index.php?rest_route=\/wp\/v2\/users\/1"}],"replies":[{"embeddable":true,"href":"https:\/\/www.egemtv.com\/index.php?rest_route=%2Fwp%2Fv2%2Fcomments&post=65751"}],"version-history":[{"count":1,"href":"https:\/\/www.egemtv.com\/index.php?rest_route=\/wp\/v2\/posts\/65751\/revisions"}],"predecessor-version":[{"id":65753,"href":"https:\/\/www.egemtv.com\/index.php?rest_route=\/wp\/v2\/posts\/65751\/revisions\/65753"}],"wp:featuredmedia":[{"embeddable":true,"href":"https:\/\/www.egemtv.com\/index.php?rest_route=\/wp\/v2\/media\/65752"}],"wp:attachment":[{"href":"https:\/\/www.egemtv.com\/index.php?rest_route=%2Fwp%2Fv2%2Fmedia&parent=65751"}],"wp:term":[{"taxonomy":"category","embeddable":true,"href":"https:\/\/www.egemtv.com\/index.php?rest_route=%2Fwp%2Fv2%2Fcategories&post=65751"},{"taxonomy":"post_tag","embeddable":true,"href":"https:\/\/www.egemtv.com\/index.php?rest_route=%2Fwp%2Fv2%2Ftags&post=65751"}],"curies":[{"name":"wp","href":"https:\/\/api.w.org\/{rel}","templated":true}]}}