{"id":65748,"date":"2025-11-04T14:55:07","date_gmt":"2025-11-04T11:55:07","guid":{"rendered":"https:\/\/www.egemtv.com\/?p=65748"},"modified":"2025-11-04T14:55:08","modified_gmt":"2025-11-04T11:55:08","slug":"jandarma-trafik-timinden-ogrencilere-egitim","status":"publish","type":"post","link":"https:\/\/www.egemtv.com\/?p=65748","title":{"rendered":"Jandarma trafik timinden \u00f6\u011frencilere e\u011fitim"},"content":{"rendered":"<p>Manisa\u2019n\u0131n Sar\u0131g\u00f6l il\u00e7esine ba\u011fl\u0131 Karacaali Mahallesi\u2019nde jandarma ekipleri taraf\u0131ndan 35 \u00f6\u011frenciye temel trafik kurallar\u0131, emniyet kemeri ve kask kullan\u0131m\u0131 anlat\u0131ld\u0131.<br \/>\n<br \/>Manisa\u2019n\u0131n Sar\u0131g\u00f6l il\u00e7esine ba\u011fl\u0131 Karacaali Mahallesi \u0130lk\u00f6\u011fretim Okulu\u2019nda, \u0130l\u00e7e Jandarma Komutanl\u0131\u011f\u0131\u2019na ba\u011fl\u0131 trafik timi taraf\u0131ndan \u00f6\u011frencilere trafik e\u011fitimi verildi.<br \/>\n<br \/>10.00-12.00 saatleri aras\u0131nda ger\u00e7ekle\u015ftirilen e\u011fitimde 35 \u00f6\u011frenciye; yayalar\u0131n, yolcular\u0131n ve s\u00fcr\u00fcc\u00fclerin uymas\u0131 gereken temel trafik kurallar\u0131, emniyet kemeri ve kask kullan\u0131m\u0131 ile yaya \u00f6nceli\u011fi konular\u0131nda bilgilendirme yap\u0131ld\u0131.<br \/>\n<br \/>Ekipler, trafik bilincinin k\u00fc\u00e7\u00fck ya\u015flarda olu\u015fturulmas\u0131n\u0131n \u00f6nemine dikkat \u00e7ekerek, e\u011fitimlerin il\u00e7e genelindeki di\u011fer okullarda da s\u00fcrd\u00fcr\u00fclece\u011fini ifade etti.<br \/><\/p>\n","protected":false},"excerpt":{"rendered":"<p>Manisa\u2019n\u0131n Sar\u0131g\u00f6l il\u00e7esine ba\u011fl\u0131 Karacaali Mahallesi\u2019nde jandarma ekipleri taraf\u0131ndan 35 \u00f6\u011frenciye temel trafik kurallar\u0131, emniyet kemeri ve kask kullan\u0131m\u0131 anlat\u0131ld\u0131. Manisa\u2019n\u0131n Sar\u0131g\u00f6l il\u00e7esine ba\u011fl\u0131 Karacaali Mahallesi \u0130lk\u00f6\u011fretim Okulu\u2019nda, \u0130l\u00e7e Jandarma Komutanl\u0131\u011f\u0131\u2019na ba\u011fl\u0131 trafik timi taraf\u0131ndan \u00f6\u011frencilere trafik e\u011fitimi verildi. 10.00-12.00 saatleri aras\u0131nda ger\u00e7ekle\u015ftirilen e\u011fitimde 35 \u00f6\u011frenciye; yayalar\u0131n, yolcular\u0131n ve s\u00fcr\u00fcc\u00fclerin uymas\u0131 gereken temel trafik kurallar\u0131,&#8230;<\/p>\n","protected":false},"author":1,"featured_media":65749,"comment_status":"open","ping_status":"open","sticky":false,"template":"","format":"standard","meta":{"_crdt_document":"","footnotes":""},"categories":[1],"tags":[],"class_list":["post-65748","post","type-post","status-publish","format-standard","has-post-thumbnail","hentry","category-guncel"],"_links":{"self":[{"href":"https:\/\/www.egemtv.com\/index.php?rest_route=\/wp\/v2\/posts\/65748","targetHints":{"allow":["GET"]}}],"collection":[{"href":"https:\/\/www.egemtv.com\/index.php?rest_route=\/wp\/v2\/posts"}],"about":[{"href":"https:\/\/www.egemtv.com\/index.php?rest_route=\/wp\/v2\/types\/post"}],"author":[{"embeddable":true,"href":"https:\/\/www.egemtv.com\/index.php?rest_route=\/wp\/v2\/users\/1"}],"replies":[{"embeddable":true,"href":"https:\/\/www.egemtv.com\/index.php?rest_route=%2Fwp%2Fv2%2Fcomments&post=65748"}],"version-history":[{"count":1,"href":"https:\/\/www.egemtv.com\/index.php?rest_route=\/wp\/v2\/posts\/65748\/revisions"}],"predecessor-version":[{"id":65750,"href":"https:\/\/www.egemtv.com\/index.php?rest_route=\/wp\/v2\/posts\/65748\/revisions\/65750"}],"wp:featuredmedia":[{"embeddable":true,"href":"https:\/\/www.egemtv.com\/index.php?rest_route=\/wp\/v2\/media\/65749"}],"wp:attachment":[{"href":"https:\/\/www.egemtv.com\/index.php?rest_route=%2Fwp%2Fv2%2Fmedia&parent=65748"}],"wp:term":[{"taxonomy":"category","embeddable":true,"href":"https:\/\/www.egemtv.com\/index.php?rest_route=%2Fwp%2Fv2%2Fcategories&post=65748"},{"taxonomy":"post_tag","embeddable":true,"href":"https:\/\/www.egemtv.com\/index.php?rest_route=%2Fwp%2Fv2%2Ftags&post=65748"}],"curies":[{"name":"wp","href":"https:\/\/api.w.org\/{rel}","templated":true}]}}