{"id":65745,"date":"2025-11-04T14:55:01","date_gmt":"2025-11-04T11:55:01","guid":{"rendered":"https:\/\/www.egemtv.com\/?p=65745"},"modified":"2025-11-04T14:55:06","modified_gmt":"2025-11-04T11:55:06","slug":"datcada-kuran-kursu-icin-geri-sayim","status":"publish","type":"post","link":"https:\/\/www.egemtv.com\/?p=65745","title":{"rendered":"Dat\u00e7a\u2019da Kuran kursu i\u00e7in geri say\u0131m"},"content":{"rendered":"<p>Mu\u011fla \u0130l M\u00fcft\u00fcs\u00fc Dr. R\u00fcstem Can, Dat\u00e7a\u2019da yap\u0131m\u0131 devam eden ve il\u00e7ede ilk olacak 4-6 Ya\u015f Kur\u2019an Kursu in\u015faat\u0131n\u0131 yerinde inceledi.<\/p>\n<p>E\u011fitim Hizmetlerinden Sorumlu \u0130l M\u00fcft\u00fc Yard\u0131mc\u0131s\u0131 Hamide Belgrat\u2019\u0131n da kat\u0131ld\u0131\u011f\u0131 ziyarette M\u00fcft\u00fc Can, Dat\u00e7a M\u00fcft\u00fcl\u00fc\u011f\u00fc Veri Haz\u0131rlama Memuru As\u0131m Keser\u2019den in\u015faat\u0131n mevcut durumu ve planlanan son hali hakk\u0131nda bilgi ald\u0131.<br \/>\n<br \/>\u0130ncelemeler s\u0131ras\u0131nda kursun en k\u0131sa s\u00fcrede tamamlanarak hizmete a\u00e7\u0131lmas\u0131n\u0131n \u00f6nemine de\u011finen \u0130l M\u00fcft\u00fcs\u00fc Dr. R\u00fcstem Can, bu t\u00fcr e\u011fitim kurumlar\u0131n\u0131n b\u00fcy\u00fck bir de\u011fer ta\u015f\u0131d\u0131\u011f\u0131n\u0131 ifade etti. M\u00fcft\u00fc Can ayr\u0131ca, in\u015faat\u0131n tamamlanmas\u0131 i\u00e7in hay\u0131r sahiplerinin katk\u0131lar\u0131n\u0131 beklediklerini dile getirerek, yap\u0131lacak her t\u00fcrl\u00fc deste\u011fin gelece\u011fe yap\u0131lan \u00f6nemli bir yat\u0131r\u0131m olaca\u011f\u0131n\u0131 vurgulad\u0131.<br \/><\/p>\n","protected":false},"excerpt":{"rendered":"<p>Mu\u011fla \u0130l M\u00fcft\u00fcs\u00fc Dr. R\u00fcstem Can, Dat\u00e7a\u2019da yap\u0131m\u0131 devam eden ve il\u00e7ede ilk olacak 4-6 Ya\u015f Kur\u2019an Kursu in\u015faat\u0131n\u0131 yerinde inceledi. E\u011fitim Hizmetlerinden Sorumlu \u0130l M\u00fcft\u00fc Yard\u0131mc\u0131s\u0131 Hamide Belgrat\u2019\u0131n da kat\u0131ld\u0131\u011f\u0131 ziyarette M\u00fcft\u00fc Can, Dat\u00e7a M\u00fcft\u00fcl\u00fc\u011f\u00fc Veri Haz\u0131rlama Memuru As\u0131m Keser\u2019den in\u015faat\u0131n mevcut durumu ve planlanan son hali hakk\u0131nda bilgi ald\u0131. \u0130ncelemeler s\u0131ras\u0131nda kursun en&#8230;<\/p>\n","protected":false},"author":1,"featured_media":65746,"comment_status":"open","ping_status":"open","sticky":false,"template":"","format":"standard","meta":{"_crdt_document":"","footnotes":""},"categories":[1],"tags":[],"class_list":["post-65745","post","type-post","status-publish","format-standard","has-post-thumbnail","hentry","category-guncel"],"_links":{"self":[{"href":"https:\/\/www.egemtv.com\/index.php?rest_route=\/wp\/v2\/posts\/65745","targetHints":{"allow":["GET"]}}],"collection":[{"href":"https:\/\/www.egemtv.com\/index.php?rest_route=\/wp\/v2\/posts"}],"about":[{"href":"https:\/\/www.egemtv.com\/index.php?rest_route=\/wp\/v2\/types\/post"}],"author":[{"embeddable":true,"href":"https:\/\/www.egemtv.com\/index.php?rest_route=\/wp\/v2\/users\/1"}],"replies":[{"embeddable":true,"href":"https:\/\/www.egemtv.com\/index.php?rest_route=%2Fwp%2Fv2%2Fcomments&post=65745"}],"version-history":[{"count":1,"href":"https:\/\/www.egemtv.com\/index.php?rest_route=\/wp\/v2\/posts\/65745\/revisions"}],"predecessor-version":[{"id":65747,"href":"https:\/\/www.egemtv.com\/index.php?rest_route=\/wp\/v2\/posts\/65745\/revisions\/65747"}],"wp:featuredmedia":[{"embeddable":true,"href":"https:\/\/www.egemtv.com\/index.php?rest_route=\/wp\/v2\/media\/65746"}],"wp:attachment":[{"href":"https:\/\/www.egemtv.com\/index.php?rest_route=%2Fwp%2Fv2%2Fmedia&parent=65745"}],"wp:term":[{"taxonomy":"category","embeddable":true,"href":"https:\/\/www.egemtv.com\/index.php?rest_route=%2Fwp%2Fv2%2Fcategories&post=65745"},{"taxonomy":"post_tag","embeddable":true,"href":"https:\/\/www.egemtv.com\/index.php?rest_route=%2Fwp%2Fv2%2Ftags&post=65745"}],"curies":[{"name":"wp","href":"https:\/\/api.w.org\/{rel}","templated":true}]}}