{"id":65742,"date":"2025-11-04T14:35:40","date_gmt":"2025-11-04T11:35:40","guid":{"rendered":"https:\/\/www.egemtv.com\/?p=65742"},"modified":"2025-11-04T14:35:41","modified_gmt":"2025-11-04T11:35:41","slug":"koycegizde-yazdan-kalma-gunler","status":"publish","type":"post","link":"https:\/\/www.egemtv.com\/?p=65742","title":{"rendered":"K\u00f6yce\u011fiz\u2019de yazdan kalma g\u00fcnler"},"content":{"rendered":"<p>Mu\u011fla\u2019n\u0131n K\u00f6yce\u011fiz il\u00e7esinde hava s\u0131cakl\u0131\u011f\u0131 28 dereceye ula\u015f\u0131nca vatanda\u015flar yazdan kalma g\u00fcnlerin keyfini \u00e7\u0131kard\u0131.<\/p>\n<p>Do\u011fal g\u00fczelli\u011fi ile vatanda\u015flar\u0131n u\u011frak noktalar\u0131ndan biri olan K\u00f6yce\u011fiz G\u00f6l\u00fc, her mevsim ilgi \u00e7ekiyor. K\u00f6yce\u011fiz\u2019de hava s\u0131cakl\u0131\u011f\u0131n\u0131n 28 dereceye ula\u015fmas\u0131 ile il\u00e7ede yazdan kalma g\u00fcnler ya\u015fan\u0131yor. Bug\u00fcn g\u00fczel havay\u0131 f\u0131rsat bilen vatanda\u015flar solu\u011fu g\u00f6l kenar\u0131nda ald\u0131. Baz\u0131 vatanda\u015flar K\u00f6yce\u011fiz Kordon\u2019da y\u00fcr\u00fcy\u00fc\u015f yaparken, baz\u0131lar\u0131 ise bal\u0131k tutmay\u0131 tercih etti. G\u00f6lde dalga olmamas\u0131n\u0131 f\u0131rsat bilen kano sporcular\u0131 ise g\u00f6l\u00fcn serin sular\u0131nda k\u00fcrek \u00e7ekti. Birka\u00e7 g\u00fcnd\u00fcr s\u0131cak havan\u0131n etkili oldu\u011fu il\u00e7ede yar\u0131ndan itibaren hafif ya\u011f\u0131\u015flar\u0131n g\u00f6r\u00fclmesi bekleniyor.<br \/><\/p>\n","protected":false},"excerpt":{"rendered":"<p>Mu\u011fla\u2019n\u0131n K\u00f6yce\u011fiz il\u00e7esinde hava s\u0131cakl\u0131\u011f\u0131 28 dereceye ula\u015f\u0131nca vatanda\u015flar yazdan kalma g\u00fcnlerin keyfini \u00e7\u0131kard\u0131. Do\u011fal g\u00fczelli\u011fi ile vatanda\u015flar\u0131n u\u011frak noktalar\u0131ndan biri olan K\u00f6yce\u011fiz G\u00f6l\u00fc, her mevsim ilgi \u00e7ekiyor. K\u00f6yce\u011fiz\u2019de hava s\u0131cakl\u0131\u011f\u0131n\u0131n 28 dereceye ula\u015fmas\u0131 ile il\u00e7ede yazdan kalma g\u00fcnler ya\u015fan\u0131yor. Bug\u00fcn g\u00fczel havay\u0131 f\u0131rsat bilen vatanda\u015flar solu\u011fu g\u00f6l kenar\u0131nda ald\u0131. Baz\u0131 vatanda\u015flar K\u00f6yce\u011fiz Kordon\u2019da y\u00fcr\u00fcy\u00fc\u015f&#8230;<\/p>\n","protected":false},"author":1,"featured_media":65743,"comment_status":"open","ping_status":"open","sticky":false,"template":"","format":"standard","meta":{"_crdt_document":"","footnotes":""},"categories":[1],"tags":[],"class_list":["post-65742","post","type-post","status-publish","format-standard","has-post-thumbnail","hentry","category-guncel"],"_links":{"self":[{"href":"https:\/\/www.egemtv.com\/index.php?rest_route=\/wp\/v2\/posts\/65742","targetHints":{"allow":["GET"]}}],"collection":[{"href":"https:\/\/www.egemtv.com\/index.php?rest_route=\/wp\/v2\/posts"}],"about":[{"href":"https:\/\/www.egemtv.com\/index.php?rest_route=\/wp\/v2\/types\/post"}],"author":[{"embeddable":true,"href":"https:\/\/www.egemtv.com\/index.php?rest_route=\/wp\/v2\/users\/1"}],"replies":[{"embeddable":true,"href":"https:\/\/www.egemtv.com\/index.php?rest_route=%2Fwp%2Fv2%2Fcomments&post=65742"}],"version-history":[{"count":1,"href":"https:\/\/www.egemtv.com\/index.php?rest_route=\/wp\/v2\/posts\/65742\/revisions"}],"predecessor-version":[{"id":65744,"href":"https:\/\/www.egemtv.com\/index.php?rest_route=\/wp\/v2\/posts\/65742\/revisions\/65744"}],"wp:featuredmedia":[{"embeddable":true,"href":"https:\/\/www.egemtv.com\/index.php?rest_route=\/wp\/v2\/media\/65743"}],"wp:attachment":[{"href":"https:\/\/www.egemtv.com\/index.php?rest_route=%2Fwp%2Fv2%2Fmedia&parent=65742"}],"wp:term":[{"taxonomy":"category","embeddable":true,"href":"https:\/\/www.egemtv.com\/index.php?rest_route=%2Fwp%2Fv2%2Fcategories&post=65742"},{"taxonomy":"post_tag","embeddable":true,"href":"https:\/\/www.egemtv.com\/index.php?rest_route=%2Fwp%2Fv2%2Ftags&post=65742"}],"curies":[{"name":"wp","href":"https:\/\/api.w.org\/{rel}","templated":true}]}}