{"id":65739,"date":"2025-11-04T14:35:38","date_gmt":"2025-11-04T11:35:38","guid":{"rendered":"https:\/\/www.egemtv.com\/?p=65739"},"modified":"2025-11-04T14:35:39","modified_gmt":"2025-11-04T11:35:39","slug":"alasehirde-ogrenciler-gazze-icin-tek-yurek-oldu","status":"publish","type":"post","link":"https:\/\/www.egemtv.com\/?p=65739","title":{"rendered":"Ala\u015fehir\u2019de \u00f6\u011frenciler Gazze i\u00e7in tek y\u00fcrek oldu"},"content":{"rendered":"<p>Ala\u015fehir \u015eehit Efkan Mesleki ve Teknik Anadolu Lisesi \u00f6\u011frencileri, haz\u0131rlad\u0131klar\u0131 \u00fcr\u00fcnleri satarak Gazze\u2019ye destek sa\u011flad\u0131. Okul bah\u00e7esinde \u00f6\u011fretmen ve \u00f6\u011frencilerin dayan\u0131\u015fmas\u0131yla haz\u0131rlanan etkinlik yo\u011fun ilgi g\u00f6rd\u00fc.<br \/>\n<br \/>Manisa\u2019n\u0131n Ala\u015fehir il\u00e7esinde, \u015eehit Efkan Mesleki ve Teknik Anadolu Lisesi \u00f6\u011frencileri Gazze\u2019deki sivillere destek olmak amac\u0131yla d\u00fczenlenen dayan\u0131\u015fma etkinli\u011finde bir araya geldi. A\u00e7\u0131l\u0131\u015f\u0131 Ala\u015fehir \u0130l\u00e7e Milli E\u011fitim M\u00fcd\u00fcr\u00fc Fikri \u00c7etinkaya taraf\u0131ndan yap\u0131lan etkinlik, yo\u011fun ilgi g\u00f6rd\u00fc.<br \/>\n<br \/>Programa \u0130l\u00e7e Milli E\u011fitim M\u00fcd\u00fcr\u00fc Fikri \u00c7etinkaya, T\u00fcrk K\u0131z\u0131lay Ala\u015fehir \u015eube Ba\u015fkan\u0131 Nedim Yamak, Okul M\u00fcd\u00fcr\u00fc Nurten Kocakabak, \u00f6\u011fretmenler ve \u00f6\u011frenciler kat\u0131ld\u0131. \u00d6\u011frenciler, evlerinde haz\u0131rlad\u0131klar\u0131 pasta, kek, kurabiye, sarma ve tatl\u0131 gibi \u00e7e\u015fitli \u00fcr\u00fcnleri okul bah\u00e7esinde kurulan stantlarda sat\u0131\u015fa sunarak Gazze\u2019ye destek i\u00e7in ba\u011f\u0131\u015f toplad\u0131.<br \/>\n<br \/>Okul M\u00fcd\u00fcr\u00fc Nurten Kocakabak, &#8220;Okulumuzda \u00f6\u011fretmen-\u00f6\u011frenci dayan\u0131\u015fmas\u0131yla haz\u0131rlad\u0131\u011f\u0131m\u0131z \u00fcr\u00fcnleri sat\u0131\u015fa \u00e7\u0131kararak Gazze\u2019ye destek olduk. Eme\u011fi ge\u00e7en herkese te\u015fekk\u00fcr ediyorum.&#8221; dedi.<br \/>\n<br \/>\u0130l\u00e7e Milli E\u011fitim M\u00fcd\u00fcr\u00fc Fikri \u00c7etinkaya ise, &#8220;T\u00fcm d\u00fcnyan\u0131n g\u00f6z\u00fc \u00f6n\u00fcnde ya\u015fanan bir katliam\u0131 canl\u0131 yay\u0131nda izliyoruz. \u00d6\u011fretmen ve \u00f6\u011frencilerimizin Gazze\u2019deki masum insanlara yard\u0131m i\u00e7in g\u00f6sterdi\u011fi bu duyarl\u0131l\u0131k bizleri gururland\u0131rd\u0131. Eme\u011fi ge\u00e7enleri tebrik ediyorum.&#8221; ifadelerini kulland\u0131.<br \/>\n<br \/>Etkinli\u011fe kat\u0131lan \u00f6\u011frenciler de, &#8220;Gazze\u2019de ya\u015fananlara sessiz kalmak istemedik. Bu dayan\u0131\u015fmayla oradaki insanlara bir nebze olsun destek olmay\u0131 ama\u00e7lad\u0131k.&#8221; ifadelerini kullanarak duyarl\u0131l\u0131klar\u0131n\u0131 g\u00f6sterdi.<br \/><\/p>\n","protected":false},"excerpt":{"rendered":"<p>Ala\u015fehir \u015eehit Efkan Mesleki ve Teknik Anadolu Lisesi \u00f6\u011frencileri, haz\u0131rlad\u0131klar\u0131 \u00fcr\u00fcnleri satarak Gazze\u2019ye destek sa\u011flad\u0131. Okul bah\u00e7esinde \u00f6\u011fretmen ve \u00f6\u011frencilerin dayan\u0131\u015fmas\u0131yla haz\u0131rlanan etkinlik yo\u011fun ilgi g\u00f6rd\u00fc. Manisa\u2019n\u0131n Ala\u015fehir il\u00e7esinde, \u015eehit Efkan Mesleki ve Teknik Anadolu Lisesi \u00f6\u011frencileri Gazze\u2019deki sivillere destek olmak amac\u0131yla d\u00fczenlenen dayan\u0131\u015fma etkinli\u011finde bir araya geldi. A\u00e7\u0131l\u0131\u015f\u0131 Ala\u015fehir \u0130l\u00e7e Milli E\u011fitim M\u00fcd\u00fcr\u00fc Fikri&#8230;<\/p>\n","protected":false},"author":1,"featured_media":65740,"comment_status":"open","ping_status":"open","sticky":false,"template":"","format":"standard","meta":{"_crdt_document":"","footnotes":""},"categories":[1],"tags":[],"class_list":["post-65739","post","type-post","status-publish","format-standard","has-post-thumbnail","hentry","category-guncel"],"_links":{"self":[{"href":"https:\/\/www.egemtv.com\/index.php?rest_route=\/wp\/v2\/posts\/65739","targetHints":{"allow":["GET"]}}],"collection":[{"href":"https:\/\/www.egemtv.com\/index.php?rest_route=\/wp\/v2\/posts"}],"about":[{"href":"https:\/\/www.egemtv.com\/index.php?rest_route=\/wp\/v2\/types\/post"}],"author":[{"embeddable":true,"href":"https:\/\/www.egemtv.com\/index.php?rest_route=\/wp\/v2\/users\/1"}],"replies":[{"embeddable":true,"href":"https:\/\/www.egemtv.com\/index.php?rest_route=%2Fwp%2Fv2%2Fcomments&post=65739"}],"version-history":[{"count":1,"href":"https:\/\/www.egemtv.com\/index.php?rest_route=\/wp\/v2\/posts\/65739\/revisions"}],"predecessor-version":[{"id":65741,"href":"https:\/\/www.egemtv.com\/index.php?rest_route=\/wp\/v2\/posts\/65739\/revisions\/65741"}],"wp:featuredmedia":[{"embeddable":true,"href":"https:\/\/www.egemtv.com\/index.php?rest_route=\/wp\/v2\/media\/65740"}],"wp:attachment":[{"href":"https:\/\/www.egemtv.com\/index.php?rest_route=%2Fwp%2Fv2%2Fmedia&parent=65739"}],"wp:term":[{"taxonomy":"category","embeddable":true,"href":"https:\/\/www.egemtv.com\/index.php?rest_route=%2Fwp%2Fv2%2Fcategories&post=65739"},{"taxonomy":"post_tag","embeddable":true,"href":"https:\/\/www.egemtv.com\/index.php?rest_route=%2Fwp%2Fv2%2Ftags&post=65739"}],"curies":[{"name":"wp","href":"https:\/\/api.w.org\/{rel}","templated":true}]}}