{"id":65736,"date":"2025-11-04T14:14:44","date_gmt":"2025-11-04T11:14:44","guid":{"rendered":"https:\/\/www.egemtv.com\/?p=65736"},"modified":"2025-11-04T14:14:45","modified_gmt":"2025-11-04T11:14:45","slug":"afaddan-ogrenci-yurdunda-tatbikat","status":"publish","type":"post","link":"https:\/\/www.egemtv.com\/?p=65736","title":{"rendered":"AFAD\u2019dan \u00f6\u011frenci yurdunda tatbikat"},"content":{"rendered":"<p>Afyonkarahisar \u0130l Afet ve Acil Durum M\u00fcd\u00fcrl\u00fc\u011f\u00fc (AFAD)  ekipleri k\u0131z \u00f6\u011frenci yurdunda e\u011fitim verdi.<br \/>\n<br \/>ger\u00e7ekle\u015ftirilen e\u011fitim \u00e7al\u0131\u015fmas\u0131yla ilgili AFAD\u2019dan yap\u0131lan a\u00e7\u0131klamada, e\u011fitim \u00e7al\u0131\u015fmas\u0131n\u0131n Remzi Kaya K\u0131z \u00d6\u011frenci Yurtdunda yap\u0131ld\u0131\u011f\u0131 kaydedildi. A\u00e7\u0131klamada, &#8220;Yurtta kalan \u00f6\u011frenci ve personeline y\u00f6nelik \u2019Afet Fark\u0131ndal\u0131k E\u011fitimi, Yang\u0131n Fark\u0131ndal\u0131k E\u011fitimi, Toplanma alan\u0131 uygulamas\u0131, Yang\u0131n uygulamalar\u0131 ve Tahliye\u2019 tatbikat\u0131 ger\u00e7ekle\u015ftirildi&#8221; ifadelerine yer verildi.<br \/><\/p>\n","protected":false},"excerpt":{"rendered":"<p>Afyonkarahisar \u0130l Afet ve Acil Durum M\u00fcd\u00fcrl\u00fc\u011f\u00fc (AFAD) ekipleri k\u0131z \u00f6\u011frenci yurdunda e\u011fitim verdi. ger\u00e7ekle\u015ftirilen e\u011fitim \u00e7al\u0131\u015fmas\u0131yla ilgili AFAD\u2019dan yap\u0131lan a\u00e7\u0131klamada, e\u011fitim \u00e7al\u0131\u015fmas\u0131n\u0131n Remzi Kaya K\u0131z \u00d6\u011frenci Yurtdunda yap\u0131ld\u0131\u011f\u0131 kaydedildi. A\u00e7\u0131klamada, &#8220;Yurtta kalan \u00f6\u011frenci ve personeline y\u00f6nelik \u2019Afet Fark\u0131ndal\u0131k E\u011fitimi, Yang\u0131n Fark\u0131ndal\u0131k E\u011fitimi, Toplanma alan\u0131 uygulamas\u0131, Yang\u0131n uygulamalar\u0131 ve Tahliye\u2019 tatbikat\u0131 ger\u00e7ekle\u015ftirildi&#8221; ifadelerine yer verildi.<\/p>\n","protected":false},"author":1,"featured_media":65737,"comment_status":"open","ping_status":"open","sticky":false,"template":"","format":"standard","meta":{"_crdt_document":"","footnotes":""},"categories":[1],"tags":[],"class_list":["post-65736","post","type-post","status-publish","format-standard","has-post-thumbnail","hentry","category-guncel"],"_links":{"self":[{"href":"https:\/\/www.egemtv.com\/index.php?rest_route=\/wp\/v2\/posts\/65736","targetHints":{"allow":["GET"]}}],"collection":[{"href":"https:\/\/www.egemtv.com\/index.php?rest_route=\/wp\/v2\/posts"}],"about":[{"href":"https:\/\/www.egemtv.com\/index.php?rest_route=\/wp\/v2\/types\/post"}],"author":[{"embeddable":true,"href":"https:\/\/www.egemtv.com\/index.php?rest_route=\/wp\/v2\/users\/1"}],"replies":[{"embeddable":true,"href":"https:\/\/www.egemtv.com\/index.php?rest_route=%2Fwp%2Fv2%2Fcomments&post=65736"}],"version-history":[{"count":1,"href":"https:\/\/www.egemtv.com\/index.php?rest_route=\/wp\/v2\/posts\/65736\/revisions"}],"predecessor-version":[{"id":65738,"href":"https:\/\/www.egemtv.com\/index.php?rest_route=\/wp\/v2\/posts\/65736\/revisions\/65738"}],"wp:featuredmedia":[{"embeddable":true,"href":"https:\/\/www.egemtv.com\/index.php?rest_route=\/wp\/v2\/media\/65737"}],"wp:attachment":[{"href":"https:\/\/www.egemtv.com\/index.php?rest_route=%2Fwp%2Fv2%2Fmedia&parent=65736"}],"wp:term":[{"taxonomy":"category","embeddable":true,"href":"https:\/\/www.egemtv.com\/index.php?rest_route=%2Fwp%2Fv2%2Fcategories&post=65736"},{"taxonomy":"post_tag","embeddable":true,"href":"https:\/\/www.egemtv.com\/index.php?rest_route=%2Fwp%2Fv2%2Ftags&post=65736"}],"curies":[{"name":"wp","href":"https:\/\/api.w.org\/{rel}","templated":true}]}}