{"id":65733,"date":"2025-11-04T13:55:59","date_gmt":"2025-11-04T10:55:59","guid":{"rendered":"https:\/\/www.egemtv.com\/?p=65733"},"modified":"2025-11-04T13:56:00","modified_gmt":"2025-11-04T10:56:00","slug":"muglada-sehir-ve-kultur-akademileri-programi-gerceklesti","status":"publish","type":"post","link":"https:\/\/www.egemtv.com\/?p=65733","title":{"rendered":"Mu\u011fla\u2019da &#8220;\u015eehir ve K\u00fclt\u00fcr Akademileri&#8221; program\u0131 ger\u00e7ekle\u015fti"},"content":{"rendered":"<p>Mu\u011fla \u00d6\u011fretmen Akademileri taraf\u0131ndan organize edilen &#8220;\u015eehir ve K\u00fclt\u00fcr Akademileri&#8221; program\u0131 ger\u00e7ekle\u015ftirildi.<\/p>\n<p>Programa kat\u0131lan e\u011fitimciler, Mu\u011fla\u2019n\u0131n e\u015fsiz tarihi ve k\u00fclt\u00fcrel zenginliklerini yak\u0131ndan tan\u0131ma imkan\u0131 buldu. Akademi program\u0131 kapsam\u0131nda bir araya gelen \u00f6\u011fretmenler, Mu\u011fla\u2019n\u0131n tarihi ve k\u00fclt\u00fcrel miras\u0131n\u0131 derinlemesine inceleme f\u0131rsat\u0131 yakalad\u0131. Etkinlikler; Yerel de\u011ferler, Sanat, Mimari, K\u00fclt\u00fcrel doku gibi \u00e7e\u015fitli temalar\u0131 i\u00e7erirken, \u00f6\u011fretmenlerin bu alanlarda bilgi ve deneyim kazanmas\u0131 sa\u011fland\u0131.<\/p>\n<p>Program\u0131n ba\u015far\u0131l\u0131 bir \u015fekilde tamamlanmas\u0131n\u0131n ard\u0131ndan Mu\u011fla \u0130l Milli E\u011fitim M\u00fcd\u00fcrl\u00fc\u011f\u00fc\u2019nden yap\u0131lan a\u00e7\u0131klamada, program\u0131n amac\u0131na ula\u015ft\u0131\u011f\u0131n\u0131 belirtilerek, kat\u0131l\u0131m sa\u011flayan t\u00fcm \u00f6\u011fretmenlere te\u015fekk\u00fcr edildi.<br \/><\/p>\n","protected":false},"excerpt":{"rendered":"<p>Mu\u011fla \u00d6\u011fretmen Akademileri taraf\u0131ndan organize edilen &#8220;\u015eehir ve K\u00fclt\u00fcr Akademileri&#8221; program\u0131 ger\u00e7ekle\u015ftirildi. Programa kat\u0131lan e\u011fitimciler, Mu\u011fla\u2019n\u0131n e\u015fsiz tarihi ve k\u00fclt\u00fcrel zenginliklerini yak\u0131ndan tan\u0131ma imkan\u0131 buldu. Akademi program\u0131 kapsam\u0131nda bir araya gelen \u00f6\u011fretmenler, Mu\u011fla\u2019n\u0131n tarihi ve k\u00fclt\u00fcrel miras\u0131n\u0131 derinlemesine inceleme f\u0131rsat\u0131 yakalad\u0131. Etkinlikler; Yerel de\u011ferler, Sanat, Mimari, K\u00fclt\u00fcrel doku gibi \u00e7e\u015fitli temalar\u0131 i\u00e7erirken, \u00f6\u011fretmenlerin bu alanlarda&#8230;<\/p>\n","protected":false},"author":1,"featured_media":65734,"comment_status":"open","ping_status":"open","sticky":false,"template":"","format":"standard","meta":{"_crdt_document":"","footnotes":""},"categories":[1],"tags":[],"class_list":["post-65733","post","type-post","status-publish","format-standard","has-post-thumbnail","hentry","category-guncel"],"_links":{"self":[{"href":"https:\/\/www.egemtv.com\/index.php?rest_route=\/wp\/v2\/posts\/65733","targetHints":{"allow":["GET"]}}],"collection":[{"href":"https:\/\/www.egemtv.com\/index.php?rest_route=\/wp\/v2\/posts"}],"about":[{"href":"https:\/\/www.egemtv.com\/index.php?rest_route=\/wp\/v2\/types\/post"}],"author":[{"embeddable":true,"href":"https:\/\/www.egemtv.com\/index.php?rest_route=\/wp\/v2\/users\/1"}],"replies":[{"embeddable":true,"href":"https:\/\/www.egemtv.com\/index.php?rest_route=%2Fwp%2Fv2%2Fcomments&post=65733"}],"version-history":[{"count":1,"href":"https:\/\/www.egemtv.com\/index.php?rest_route=\/wp\/v2\/posts\/65733\/revisions"}],"predecessor-version":[{"id":65735,"href":"https:\/\/www.egemtv.com\/index.php?rest_route=\/wp\/v2\/posts\/65733\/revisions\/65735"}],"wp:featuredmedia":[{"embeddable":true,"href":"https:\/\/www.egemtv.com\/index.php?rest_route=\/wp\/v2\/media\/65734"}],"wp:attachment":[{"href":"https:\/\/www.egemtv.com\/index.php?rest_route=%2Fwp%2Fv2%2Fmedia&parent=65733"}],"wp:term":[{"taxonomy":"category","embeddable":true,"href":"https:\/\/www.egemtv.com\/index.php?rest_route=%2Fwp%2Fv2%2Fcategories&post=65733"},{"taxonomy":"post_tag","embeddable":true,"href":"https:\/\/www.egemtv.com\/index.php?rest_route=%2Fwp%2Fv2%2Ftags&post=65733"}],"curies":[{"name":"wp","href":"https:\/\/api.w.org\/{rel}","templated":true}]}}