{"id":65670,"date":"2025-11-04T11:34:42","date_gmt":"2025-11-04T08:34:42","guid":{"rendered":"https:\/\/www.egemtv.com\/?p=65670"},"modified":"2025-11-04T11:34:43","modified_gmt":"2025-11-04T08:34:43","slug":"kutahyada-bedelli-erler-yemin-etti","status":"publish","type":"post","link":"https:\/\/www.egemtv.com\/?p=65670","title":{"rendered":"K\u00fctahya\u2019da bedelli erler yemin etti"},"content":{"rendered":"<p>K\u00fctahya Hava Er E\u011fitim Tugay Komutanl\u0131\u011f\u0131\u2019nda 2025-9B tertip bedelli erler i\u00e7in d\u00fczenlenen yemin t\u00f6reni, co\u015fkulu bir atmosferde ger\u00e7ekle\u015ftirildi.<br \/>\n<br \/>T\u00f6rene, K\u00fctahya Belediye Ba\u015fkan Yard\u0131mc\u0131s\u0131 Ha\u015fim Ertekin, K\u00fctahya Hava Er E\u011fitim Tugay ve Garnizon Komutan\u0131 Tu\u011fgeneral Mustafa Ba\u015f, il protokol\u00fc, askeri erkan, askerlerin aileleri ve yak\u0131nlar\u0131 kat\u0131ld\u0131.<br \/>\n<br \/>Sanca\u011f\u0131n tan\u0131t\u0131lmas\u0131, sayg\u0131 duru\u015funda bulunulmas\u0131 ve \u0130stiklal Mar\u015f\u0131\u2019n\u0131n okunmas\u0131yla ba\u015flayan t\u00f6rende, e\u011fitimlerini ba\u015far\u0131yla tamamlayan bedelli erler, T\u00fcrk Bayra\u011f\u0131 ve silah \u00fczerine ellerini koyarak yemin etti.<br \/>\n<br \/>Yemin t\u00f6reninin ard\u0131ndan, e\u011fitimlerde \u00fcst\u00fcn ba\u015far\u0131 g\u00f6steren erlere plaket ve hediyeleri protokol \u00fcyeleri taraf\u0131ndan takdim edildi.<br \/>\n<br \/>Yemin t\u00f6reni, askerlerin aileleri i\u00e7in gurur ve duygu dolu anlara sahne oldu.<br \/><\/p>\n","protected":false},"excerpt":{"rendered":"<p>K\u00fctahya Hava Er E\u011fitim Tugay Komutanl\u0131\u011f\u0131\u2019nda 2025-9B tertip bedelli erler i\u00e7in d\u00fczenlenen yemin t\u00f6reni, co\u015fkulu bir atmosferde ger\u00e7ekle\u015ftirildi. T\u00f6rene, K\u00fctahya Belediye Ba\u015fkan Yard\u0131mc\u0131s\u0131 Ha\u015fim Ertekin, K\u00fctahya Hava Er E\u011fitim Tugay ve Garnizon Komutan\u0131 Tu\u011fgeneral Mustafa Ba\u015f, il protokol\u00fc, askeri erkan, askerlerin aileleri ve yak\u0131nlar\u0131 kat\u0131ld\u0131. Sanca\u011f\u0131n tan\u0131t\u0131lmas\u0131, sayg\u0131 duru\u015funda bulunulmas\u0131 ve \u0130stiklal Mar\u015f\u0131\u2019n\u0131n okunmas\u0131yla ba\u015flayan&#8230;<\/p>\n","protected":false},"author":1,"featured_media":65671,"comment_status":"open","ping_status":"open","sticky":false,"template":"","format":"standard","meta":{"_crdt_document":"","footnotes":""},"categories":[123],"tags":[],"class_list":["post-65670","post","type-post","status-publish","format-standard","has-post-thumbnail","hentry","category-gundem"],"_links":{"self":[{"href":"https:\/\/www.egemtv.com\/index.php?rest_route=\/wp\/v2\/posts\/65670","targetHints":{"allow":["GET"]}}],"collection":[{"href":"https:\/\/www.egemtv.com\/index.php?rest_route=\/wp\/v2\/posts"}],"about":[{"href":"https:\/\/www.egemtv.com\/index.php?rest_route=\/wp\/v2\/types\/post"}],"author":[{"embeddable":true,"href":"https:\/\/www.egemtv.com\/index.php?rest_route=\/wp\/v2\/users\/1"}],"replies":[{"embeddable":true,"href":"https:\/\/www.egemtv.com\/index.php?rest_route=%2Fwp%2Fv2%2Fcomments&post=65670"}],"version-history":[{"count":1,"href":"https:\/\/www.egemtv.com\/index.php?rest_route=\/wp\/v2\/posts\/65670\/revisions"}],"predecessor-version":[{"id":65672,"href":"https:\/\/www.egemtv.com\/index.php?rest_route=\/wp\/v2\/posts\/65670\/revisions\/65672"}],"wp:featuredmedia":[{"embeddable":true,"href":"https:\/\/www.egemtv.com\/index.php?rest_route=\/wp\/v2\/media\/65671"}],"wp:attachment":[{"href":"https:\/\/www.egemtv.com\/index.php?rest_route=%2Fwp%2Fv2%2Fmedia&parent=65670"}],"wp:term":[{"taxonomy":"category","embeddable":true,"href":"https:\/\/www.egemtv.com\/index.php?rest_route=%2Fwp%2Fv2%2Fcategories&post=65670"},{"taxonomy":"post_tag","embeddable":true,"href":"https:\/\/www.egemtv.com\/index.php?rest_route=%2Fwp%2Fv2%2Ftags&post=65670"}],"curies":[{"name":"wp","href":"https:\/\/api.w.org\/{rel}","templated":true}]}}