{"id":65667,"date":"2025-11-04T11:14:57","date_gmt":"2025-11-04T08:14:57","guid":{"rendered":"https:\/\/www.egemtv.com\/?p=65667"},"modified":"2025-11-04T11:15:00","modified_gmt":"2025-11-04T08:15:00","slug":"aydin-il-tarim-ve-orman-mudurlugunden-dolandiricilik-uyarisi","status":"publish","type":"post","link":"https:\/\/www.egemtv.com\/?p=65667","title":{"rendered":"Ayd\u0131n \u0130l Tar\u0131m ve Orman M\u00fcd\u00fcrl\u00fc\u011f\u00fc\u2019nden doland\u0131r\u0131c\u0131l\u0131k uyar\u0131s\u0131"},"content":{"rendered":"<p>Ayd\u0131n \u0130l Tar\u0131m ve Orman M\u00fcd\u00fcrl\u00fc\u011f\u00fc, son g\u00fcnlerde kurum m\u00fcd\u00fcr\u00fcn\u00fcn ismini kullanarak para talep eden ki\u015filere kar\u015f\u0131 vatanda\u015flar\u0131 uyararak &#8220;Bu t\u00fcr taleplere asla itibar etmeyin&#8221; \u00e7a\u011fr\u0131s\u0131nda bulundu.<\/p>\n<p>Ayd\u0131n \u0130l Tar\u0131m ve Orman M\u00fcd\u00fcrl\u00fc\u011f\u00fc, son g\u00fcnlerde kurum personelinin ismini kullanarak \u00fcreticilerden ve i\u015fletmelerden para talep eden doland\u0131r\u0131c\u0131l\u0131k giri\u015fimlerinin tespit edildi\u011fini a\u00e7\u0131klad\u0131. M\u00fcd\u00fcrl\u00fck, vatanda\u015flar\u0131n bu t\u00fcr taleplere kesinlikle itibar etmemesi gerekti\u011fini vurgulad\u0131. Yap\u0131lan a\u00e7\u0131klamada, kurum personelinin hi\u00e7bir \u015fekilde telefon, mesaj veya benzeri yollarla para talebinde bulunmad\u0131\u011f\u0131 belirtildi. Kurumun ba\u011f\u0131\u015f, yard\u0131m, hibe \u00f6n \u00f6demesi ya da farkl\u0131 bir ad alt\u0131nda vatanda\u015flardan para istemesinin s\u00f6z konusu olmad\u0131\u011f\u0131 ifade edildi.<\/p>\n<p>\u0130l Tar\u0131m ve Orman M\u00fcd\u00fcrl\u00fc\u011f\u00fc, bu t\u00fcr bir durumla kar\u015f\u0131la\u015fan vatanda\u015flar\u0131n hemen g\u00f6r\u00fc\u015fmeyi sonland\u0131r\u0131p 112 Acil \u00c7a\u011fr\u0131 Merkezi\u2019ne ihbarda bulunmalar\u0131 gerekti\u011fini hat\u0131rlatt\u0131. Ayr\u0131ca, kimlik, banka veya ki\u015fisel bilgilerin kesinlikle payla\u015f\u0131lmamas\u0131 uyar\u0131s\u0131nda bulundu. \u015e\u00fcpheli bir durum ya\u015fand\u0131\u011f\u0131nda, vatanda\u015flar\u0131n sadece Ayd\u0131n \u0130l Tar\u0131m ve Orman M\u00fcd\u00fcrl\u00fc\u011f\u00fc\u2019n\u00fcn resmi sabit telefon numaralar\u0131 \u00fczerinden bilgi teyidi yapmalar\u0131 istendi&#8221; ifadelerini kulland\u0131.<br \/><\/p>\n","protected":false},"excerpt":{"rendered":"<p>Ayd\u0131n \u0130l Tar\u0131m ve Orman M\u00fcd\u00fcrl\u00fc\u011f\u00fc, son g\u00fcnlerde kurum m\u00fcd\u00fcr\u00fcn\u00fcn ismini kullanarak para talep eden ki\u015filere kar\u015f\u0131 vatanda\u015flar\u0131 uyararak &#8220;Bu t\u00fcr taleplere asla itibar etmeyin&#8221; \u00e7a\u011fr\u0131s\u0131nda bulundu. Ayd\u0131n \u0130l Tar\u0131m ve Orman M\u00fcd\u00fcrl\u00fc\u011f\u00fc, son g\u00fcnlerde kurum personelinin ismini kullanarak \u00fcreticilerden ve i\u015fletmelerden para talep eden doland\u0131r\u0131c\u0131l\u0131k giri\u015fimlerinin tespit edildi\u011fini a\u00e7\u0131klad\u0131. M\u00fcd\u00fcrl\u00fck, vatanda\u015flar\u0131n bu t\u00fcr taleplere&#8230;<\/p>\n","protected":false},"author":1,"featured_media":65668,"comment_status":"open","ping_status":"open","sticky":false,"template":"","format":"standard","meta":{"_crdt_document":"","footnotes":""},"categories":[1],"tags":[],"class_list":["post-65667","post","type-post","status-publish","format-standard","has-post-thumbnail","hentry","category-guncel"],"_links":{"self":[{"href":"https:\/\/www.egemtv.com\/index.php?rest_route=\/wp\/v2\/posts\/65667","targetHints":{"allow":["GET"]}}],"collection":[{"href":"https:\/\/www.egemtv.com\/index.php?rest_route=\/wp\/v2\/posts"}],"about":[{"href":"https:\/\/www.egemtv.com\/index.php?rest_route=\/wp\/v2\/types\/post"}],"author":[{"embeddable":true,"href":"https:\/\/www.egemtv.com\/index.php?rest_route=\/wp\/v2\/users\/1"}],"replies":[{"embeddable":true,"href":"https:\/\/www.egemtv.com\/index.php?rest_route=%2Fwp%2Fv2%2Fcomments&post=65667"}],"version-history":[{"count":1,"href":"https:\/\/www.egemtv.com\/index.php?rest_route=\/wp\/v2\/posts\/65667\/revisions"}],"predecessor-version":[{"id":65669,"href":"https:\/\/www.egemtv.com\/index.php?rest_route=\/wp\/v2\/posts\/65667\/revisions\/65669"}],"wp:featuredmedia":[{"embeddable":true,"href":"https:\/\/www.egemtv.com\/index.php?rest_route=\/wp\/v2\/media\/65668"}],"wp:attachment":[{"href":"https:\/\/www.egemtv.com\/index.php?rest_route=%2Fwp%2Fv2%2Fmedia&parent=65667"}],"wp:term":[{"taxonomy":"category","embeddable":true,"href":"https:\/\/www.egemtv.com\/index.php?rest_route=%2Fwp%2Fv2%2Fcategories&post=65667"},{"taxonomy":"post_tag","embeddable":true,"href":"https:\/\/www.egemtv.com\/index.php?rest_route=%2Fwp%2Fv2%2Ftags&post=65667"}],"curies":[{"name":"wp","href":"https:\/\/api.w.org\/{rel}","templated":true}]}}