{"id":65664,"date":"2025-11-04T11:14:55","date_gmt":"2025-11-04T08:14:55","guid":{"rendered":"https:\/\/www.egemtv.com\/?p=65664"},"modified":"2025-11-04T11:14:56","modified_gmt":"2025-11-04T08:14:56","slug":"soke-isletme-fakultesi-ogrencilerinden-tarihe-yolculuk","status":"publish","type":"post","link":"https:\/\/www.egemtv.com\/?p=65664","title":{"rendered":"S\u00f6ke \u0130\u015fletme Fak\u00fcltesi \u00f6\u011frencilerinden tarihe yolculuk"},"content":{"rendered":"<p>Adnan Menderes \u00dcniversitesi (AD\u00dc) S\u00f6ke \u0130\u015fletme Fak\u00fcltesi \u00f6\u011frencileri, Cumhuriyet tarihinin en \u00f6nemli sanayi yat\u0131r\u0131mlar\u0131ndan biri olan Nazilli S\u00fcmerbank Basma Fabrikas\u0131\u2019n\u0131 ziyaret etti.<\/p>\n<p>Fak\u00fclte \u00f6\u011fretim \u00fcyesi Prof. Dr. Halim Emre Zeren \u00f6nc\u00fcl\u00fc\u011f\u00fcnde ger\u00e7ekle\u015fen geziye Kamu Y\u00f6netimi B\u00f6l\u00fcm\u00fc \u00f6\u011frencileri kat\u0131ld\u0131. \u00d6\u011frenciler, Nazilli S\u00fcmerbank Basma Fabrikas\u0131 gezisiyle ge\u00e7mi\u015fle bug\u00fcn\u00fc bulu\u015fturdu. Ayd\u0131n\u2019\u0131n Nazilli il\u00e7esinde yer alan ve g\u00fcn\u00fcm\u00fczde AD\u00dc S\u00fcmer Kamp\u00fcs\u00fc olarak kullan\u0131lan tarihi fabrika alan\u0131, \u00f6\u011frencileri ge\u00e7mi\u015fe g\u00f6t\u00fcrd\u00fc. Cumhuriyetin ilk y\u0131llar\u0131nda T\u00fcrkiye\u2019nin sanayile\u015fme hamlesinin simgesi olan S\u00fcmerbank Basma Fabrikas\u0131, &#8220;Sosyal Fabrika&#8221; anlay\u0131\u015f\u0131n\u0131n da somut \u00f6rneklerinden biri olarak biliniyor.<\/p>\n<p>Gezide \u00f6\u011frenciler, fabrikan\u0131n \u00fcretim b\u00f6l\u00fcmlerini, tarihi yap\u0131lar\u0131 ve o d\u00f6nemin sosyal ya\u015fam alanlar\u0131n\u0131 yak\u0131ndan inceledi. Ayr\u0131ca, fabrikan\u0131n sembol\u00fc haline gelen &#8220;G\u0131d\u0131 G\u0131d\u0131&#8221; treni de \u00f6\u011frencilerin en \u00e7ok ilgisini \u00e7eken unsurlar aras\u0131nda yer ald\u0131.<\/p>\n<p>Prof. Dr. Zeren, gezinin hem tarihi bilin\u00e7 hem de kamu y\u00f6netimi perspektifinden \u00f6nemli kazan\u0131mlar sundu\u011funu belirterek, &#8220;\u00d6\u011frencilerimiz burada sadece bir fabrika de\u011fil, Cumhuriyetin \u00fcretim ruhunu da tan\u0131ma f\u0131rsat\u0131 buldu. Gezinin \u00f6\u011frencilerimiz a\u00e7\u0131s\u0131ndan hem k\u00fclt\u00fcrel hem de akademik a\u00e7\u0131dan anlaml\u0131 bir deneyim oldu\u011funu d\u00fc\u015f\u00fcn\u00fcyorum&#8221; dedi.<br \/><\/p>\n","protected":false},"excerpt":{"rendered":"<p>Adnan Menderes \u00dcniversitesi (AD\u00dc) S\u00f6ke \u0130\u015fletme Fak\u00fcltesi \u00f6\u011frencileri, Cumhuriyet tarihinin en \u00f6nemli sanayi yat\u0131r\u0131mlar\u0131ndan biri olan Nazilli S\u00fcmerbank Basma Fabrikas\u0131\u2019n\u0131 ziyaret etti. Fak\u00fclte \u00f6\u011fretim \u00fcyesi Prof. Dr. Halim Emre Zeren \u00f6nc\u00fcl\u00fc\u011f\u00fcnde ger\u00e7ekle\u015fen geziye Kamu Y\u00f6netimi B\u00f6l\u00fcm\u00fc \u00f6\u011frencileri kat\u0131ld\u0131. \u00d6\u011frenciler, Nazilli S\u00fcmerbank Basma Fabrikas\u0131 gezisiyle ge\u00e7mi\u015fle bug\u00fcn\u00fc bulu\u015fturdu. Ayd\u0131n\u2019\u0131n Nazilli il\u00e7esinde yer alan ve g\u00fcn\u00fcm\u00fczde AD\u00dc&#8230;<\/p>\n","protected":false},"author":1,"featured_media":65665,"comment_status":"open","ping_status":"open","sticky":false,"template":"","format":"standard","meta":{"_crdt_document":"","footnotes":""},"categories":[1],"tags":[],"class_list":["post-65664","post","type-post","status-publish","format-standard","has-post-thumbnail","hentry","category-guncel"],"_links":{"self":[{"href":"https:\/\/www.egemtv.com\/index.php?rest_route=\/wp\/v2\/posts\/65664","targetHints":{"allow":["GET"]}}],"collection":[{"href":"https:\/\/www.egemtv.com\/index.php?rest_route=\/wp\/v2\/posts"}],"about":[{"href":"https:\/\/www.egemtv.com\/index.php?rest_route=\/wp\/v2\/types\/post"}],"author":[{"embeddable":true,"href":"https:\/\/www.egemtv.com\/index.php?rest_route=\/wp\/v2\/users\/1"}],"replies":[{"embeddable":true,"href":"https:\/\/www.egemtv.com\/index.php?rest_route=%2Fwp%2Fv2%2Fcomments&post=65664"}],"version-history":[{"count":1,"href":"https:\/\/www.egemtv.com\/index.php?rest_route=\/wp\/v2\/posts\/65664\/revisions"}],"predecessor-version":[{"id":65666,"href":"https:\/\/www.egemtv.com\/index.php?rest_route=\/wp\/v2\/posts\/65664\/revisions\/65666"}],"wp:featuredmedia":[{"embeddable":true,"href":"https:\/\/www.egemtv.com\/index.php?rest_route=\/wp\/v2\/media\/65665"}],"wp:attachment":[{"href":"https:\/\/www.egemtv.com\/index.php?rest_route=%2Fwp%2Fv2%2Fmedia&parent=65664"}],"wp:term":[{"taxonomy":"category","embeddable":true,"href":"https:\/\/www.egemtv.com\/index.php?rest_route=%2Fwp%2Fv2%2Fcategories&post=65664"},{"taxonomy":"post_tag","embeddable":true,"href":"https:\/\/www.egemtv.com\/index.php?rest_route=%2Fwp%2Fv2%2Ftags&post=65664"}],"curies":[{"name":"wp","href":"https:\/\/api.w.org\/{rel}","templated":true}]}}