{"id":65661,"date":"2025-11-04T11:14:53","date_gmt":"2025-11-04T08:14:53","guid":{"rendered":"https:\/\/www.egemtv.com\/?p=65661"},"modified":"2025-11-04T11:14:54","modified_gmt":"2025-11-04T08:14:54","slug":"polisin-bir-haftada-8-bine-yakin-kisinin-kimlik-sorgulamasi-yapti","status":"publish","type":"post","link":"https:\/\/www.egemtv.com\/?p=65661","title":{"rendered":"Polisin bir haftada 8 bine yak\u0131n ki\u015finin kimlik sorgulamas\u0131 yapt\u0131"},"content":{"rendered":"<p>Afyonkarahisar\u2019da son bir hafta i\u00e7erisinde polis taraf\u0131ndan ger\u00e7ekle\u015ftirilen denetimlerde 8 bine yak\u0131n ki\u015finin kimlik sorgulamas\u0131 yap\u0131l\u0131rken, denetimlerde onlarca ruhsats\u0131z silahla uyu\u015fturucu maddeler ele ge\u00e7irildi.<br \/>\n<br \/>Afyonkarahisar \u0130l Emniyet M\u00fcd\u00fcrl\u00fc\u011f\u00fcnden 27 Ekim-4 Kas\u0131m 2025 tarihleri aras\u0131nda ger\u00e7ekle\u015ftirilen denetimlerle ilgili a\u00e7\u0131klama yap\u0131ld\u0131. A\u00e7\u0131klamada, &#8220;Denetimlerde hapis cezas\u0131 bulunan 1 \u015fah\u0131s dahil hapis cezas\u0131 bulunan 10 \u015fah\u0131s ve ifadesinin al\u0131nmas\u0131na y\u00f6nelik 6 \u015fah\u0131s olmak \u00fczere aranmas\u0131 bulunan toplam 16 \u015fah\u0131s yakalanm\u0131\u015ft\u0131r. 7 bin 737 \u015fah\u0131s, 2 bin 973 ara\u00e7 sorgusu yap\u0131lm\u0131\u015ft\u0131r. Denetimlerde 3 tabanca, 10 kurus\u0131k\u0131 tabanca, 16 t\u00fcfek, 251 adet sentetik ecza maddesi, 10 adet uyu\u015fturucu madde emdirilmi\u015f pe\u00e7ete ele ge\u00e7irilmi\u015ftir. Denetimlerde ele ge\u00e7irilen 22 b\u0131\u00e7akla ilgili \u015fah\u0131slara 64 bin 966 TL para cezas\u0131 kesilmi\u015ftir&#8221; ifadelerine yer verildi.<br \/><\/p>\n","protected":false},"excerpt":{"rendered":"<p>Afyonkarahisar\u2019da son bir hafta i\u00e7erisinde polis taraf\u0131ndan ger\u00e7ekle\u015ftirilen denetimlerde 8 bine yak\u0131n ki\u015finin kimlik sorgulamas\u0131 yap\u0131l\u0131rken, denetimlerde onlarca ruhsats\u0131z silahla uyu\u015fturucu maddeler ele ge\u00e7irildi. Afyonkarahisar \u0130l Emniyet M\u00fcd\u00fcrl\u00fc\u011f\u00fcnden 27 Ekim-4 Kas\u0131m 2025 tarihleri aras\u0131nda ger\u00e7ekle\u015ftirilen denetimlerle ilgili a\u00e7\u0131klama yap\u0131ld\u0131. A\u00e7\u0131klamada, &#8220;Denetimlerde hapis cezas\u0131 bulunan 1 \u015fah\u0131s dahil hapis cezas\u0131 bulunan 10 \u015fah\u0131s ve ifadesinin al\u0131nmas\u0131na&#8230;<\/p>\n","protected":false},"author":1,"featured_media":65662,"comment_status":"open","ping_status":"open","sticky":false,"template":"","format":"standard","meta":{"_crdt_document":"","footnotes":""},"categories":[5],"tags":[],"class_list":["post-65661","post","type-post","status-publish","format-standard","has-post-thumbnail","hentry","category-asayis"],"_links":{"self":[{"href":"https:\/\/www.egemtv.com\/index.php?rest_route=\/wp\/v2\/posts\/65661","targetHints":{"allow":["GET"]}}],"collection":[{"href":"https:\/\/www.egemtv.com\/index.php?rest_route=\/wp\/v2\/posts"}],"about":[{"href":"https:\/\/www.egemtv.com\/index.php?rest_route=\/wp\/v2\/types\/post"}],"author":[{"embeddable":true,"href":"https:\/\/www.egemtv.com\/index.php?rest_route=\/wp\/v2\/users\/1"}],"replies":[{"embeddable":true,"href":"https:\/\/www.egemtv.com\/index.php?rest_route=%2Fwp%2Fv2%2Fcomments&post=65661"}],"version-history":[{"count":1,"href":"https:\/\/www.egemtv.com\/index.php?rest_route=\/wp\/v2\/posts\/65661\/revisions"}],"predecessor-version":[{"id":65663,"href":"https:\/\/www.egemtv.com\/index.php?rest_route=\/wp\/v2\/posts\/65661\/revisions\/65663"}],"wp:featuredmedia":[{"embeddable":true,"href":"https:\/\/www.egemtv.com\/index.php?rest_route=\/wp\/v2\/media\/65662"}],"wp:attachment":[{"href":"https:\/\/www.egemtv.com\/index.php?rest_route=%2Fwp%2Fv2%2Fmedia&parent=65661"}],"wp:term":[{"taxonomy":"category","embeddable":true,"href":"https:\/\/www.egemtv.com\/index.php?rest_route=%2Fwp%2Fv2%2Fcategories&post=65661"},{"taxonomy":"post_tag","embeddable":true,"href":"https:\/\/www.egemtv.com\/index.php?rest_route=%2Fwp%2Fv2%2Ftags&post=65661"}],"curies":[{"name":"wp","href":"https:\/\/api.w.org\/{rel}","templated":true}]}}